{"id":634615,"date":"2024-09-25T00:02:52","date_gmt":"2024-09-25T06:02:52","guid":{"rendered":"https:\/\/www.diarioimagen.net\/?p=634615"},"modified":"2024-09-25T22:58:23","modified_gmt":"2024-09-26T04:58:23","slug":"amlo-declara-area-natural-protegida-terreno-donde-se-ubica-la-mina-calica","status":"publish","type":"post","link":"https:\/\/www.diarioimagen.net\/?p=634615","title":{"rendered":"AMLO declara \u00e1rea natural protegida terreno donde se ubica la mina Calica"},"content":{"rendered":"<p><strong>\u00a0<\/strong><\/p>\n<h2 style=\"text-align: center;\">Publica decreto antes de concluir mandato<\/h2>\n<p><em>\u00a0<\/em><\/p>\n<ul>\n<li><strong><em>El gobienrno federal invoca al Cuarto constitucional: \u201ctoda persona tiene derecho a un ambiente sano para su desarrollo y bienestar\u201d<\/em><\/strong><\/li>\n<\/ul>\n<p>&nbsp;<\/p>\n<div id=\"attachment_634705\" style=\"width: 470px\" class=\"wp-caption aligncenter\"><a href=\"https:\/\/www.diarioimagen.net\/?attachment_id=634705\" rel=\"attachment wp-att-634705\"><img loading=\"lazy\" decoding=\"async\" aria-describedby=\"caption-attachment-634705\" class=\"size-full wp-image-634705\" src=\"https:\/\/www.diarioimagen.net\/wp-content\/uploads\/2024\/09\/amlo-declara-area-natural.jpg\" alt=\"\" width=\"460\" height=\"270\" srcset=\"https:\/\/www.diarioimagen.net\/wp-content\/uploads\/2024\/09\/amlo-declara-area-natural.jpg 460w, https:\/\/www.diarioimagen.net\/wp-content\/uploads\/2024\/09\/amlo-declara-area-natural-240x141.jpg 240w\" sizes=\"auto, (max-width: 460px) 100vw, 460px\" \/><\/a><p id=\"caption-attachment-634705\" class=\"wp-caption-text\">El gobierno federal public\u00f3 el decreto por el que se crea una nueva \u00c1rea Natural Protegida Felipe Carrillo Puerto en Quintana Roo, con una extensi\u00f3n de m\u00e1s de 53,000 hect\u00e1reas que abarca Playa del Carmen, Tulum y Cozumel e incluye los terrenos de Calica.<\/p><\/div>\n<p>&nbsp;<\/p>\n<p>El gobierno de M\u00e9xico public\u00f3 el decreto por el que se crea una nueva \u00c1rea Natural Protegida (ANP) llamada Felipe Carrillo Puerto en Quintana Roo, con una extensi\u00f3n de m\u00e1s de 53,000 hect\u00e1reas que abarca los municipios de Playa del Carmen, Tulum y Cozumel, e incluye los terrenos de Calica, de la empresa estadounidense Vulcan Materials.<\/p>\n<p>El decreto invoca el art\u00edculo cuarto constitucional que establece que \u201ctoda persona tiene derecho a un ambiente sano para su desarrollo y bienestar\u201d<\/p>\n<p>Tambi\u00e9n cita el art\u00edculo 27, p\u00e1rrafo tercero, seg\u00fan el cual \u201cla naci\u00f3n tendr\u00e1 en todo tiempo el derecho de imponer a la propiedad privada las modalidades que dicte el inter\u00e9s p\u00fablico\u201d, y que el Estado dictar\u00e1 \u201clas medidas necesarias para ordenar los asentamientos humanos y establecer adecuadas provisiones, usos, reservas y destinos de tierras, aguas y bosques (&#8230;) para preservar y restaurar el equilibrio ecol\u00f3gico\u201d, as\u00ed como \u201cpara evitar la destrucci\u00f3n de los elementos naturales y los da\u00f1os que la propiedad pueda sufrir en perjuicio de la sociedad\u201d.<\/p>\n<p>De las 53,227 hect\u00e1reas que abarca la nueva ANP, un peque\u00f1o porcentaje (4.4%) corresponden a las 2,387 hect\u00e1reas divididas en cuatro predios que pertenecen a la trasnacional Vulcan Materials, propietaria de Calizas Industriales del Carmen (Calica) y del muelle Punta Venado, desde donde embarcaban hasta el a\u00f1o pasado el material p\u00e9treo extra\u00eddo del subsuelo mexicano para exportarlo a la Uni\u00f3n Americana.<\/p>\n<p>Seg\u00fan se lee en el estudio justificativo consultado, el impacto de las actividades extractivas en la mina Calica ha llegado a tal grado que \u201cse han expuesto nueve cuerpos de agua tras la remoci\u00f3n de la vegetaci\u00f3n y la roca caliza, mientras que el pol\u00edgono La D\u00e1rsena de la propuesta de ANP funciona como sitio para el resguardo de banco de material y puerto mar\u00edtimo.<\/p>\n<p>Se a\u00f1ade que \u201clos impactos de aprovechamientos de materiales p\u00e9treos mayores se relacionan con desabasto de aguas y modificaci\u00f3n de los flujos subterr\u00e1neos. Con la modificaci\u00f3n de las corrientes del sistema subterr\u00e1neo y el manto fre\u00e1tico, existen diferentes implicaciones en las din\u00e1micas hidrol\u00f3gicas y la calidad de sus aguas\u201d.<\/p>\n<p style=\"text-align: center;\"><strong>Se cumple advertencia de AMLO<\/strong><\/p>\n<p>En julio pasado, L\u00f3pez Obrador anunci\u00f3 que antes de concluir su mandato convertir\u00eda la mina Calica en reserva natural luego de haber fracasado el di\u00e1logo con la empresa estadounidense para que el Estado mexicano les comprase la tierra.<\/p>\n<p>\u201cHicimos todo para llegar a un acuerdo con los due\u00f1os de la empresa Vulcan. No est\u00e1n bien asesorados, creo que les afecta el tener abogados mexicanos muy acostumbrados a la transa y est\u00e1n pensando que pueden, una vez que ya no estemos nosotros, recuperar sus fueros, cuando est\u00e1 de por medio la destrucci\u00f3n del territorio.<\/p>\n<p>Ya hay una clausura, pero quiero que sea una clausura definitiva, porque es mucho el da\u00f1o\u201d, dijo el martes 16 de julio.<\/p>\n<p style=\"text-align: center;\"><strong>Arbitraje internacional en proceso<\/strong><\/p>\n<p>Vulcan inici\u00f3 desde 2018 un proceso contra el Estado Mexicano ante el Tribunal del Centro Internacional de Arreglo de Diferencias Relativas a Inversiones (CIADI), acusando supuestas acciones del gobierno mexicano que impiden la operaci\u00f3n de la empresa en Playa del Carmen.<\/p>\n<p>El litigio iniciado en 2018 ante el CIADI se origina por acciones gubernamentales que datan de 2009, cuando el ayuntamiento de Solidaridad modific\u00f3 el Programa de Ordenamiento Ecol\u00f3gico Local (POEL) y cambi\u00f3 el uso de suelo de los predios La Adelita y el Corchalito, dos de los cuatro que pertenecen a Vulcan Materials en Playa del Carmen.<\/p>\n<p>El cambio de uso de suelo impide desde entonces a la empresa realizar actividades extractivas.<\/p>\n<p>Otro de los reclamos por los que Vulcan inici\u00f3 el arbitraje internacional es la clausura de otro de sus predios llamado El Corchalito, en 2017, previo a interponer la querella por 1,500 millones de pesos en contra del gobierno de M\u00e9xico.<\/p>\n<p>A dichos reclamos se suma la clausura del predio La Adelita, ejecutada en mayo de 2018 por la Procuradur\u00eda Federal de Protecci\u00f3n al Ambiente (Profepa), adem\u00e1s de la cancelaci\u00f3n de los permisos para operar el muelle Punta Venado, desde donde la compa\u00f1\u00eda embarcaba el material p\u00e9treo hacia Estados Unidos.<\/p>\n<p style=\"text-align: center;\"><strong>Minera Vulcan Materials planea medidas legales<\/strong><\/p>\n<p>La minera estadounidense Vulcan Materials dijo el martes que planea defenderse mediante \u201ctodas las v\u00edas legales disponibles\u201d ante la expropiaci\u00f3n de un puerto y una cantera en Quintana Roo por parte delgobierno de M\u00e9xico, que calific\u00f3 de \u201cnueva violaci\u00f3n\u201d de los tratados comerciales regionales.<\/p>\n<p>\u201cEsta acci\u00f3n nos priva del uso de nuestra tierra y tenemos la intenci\u00f3n de defendernos utilizando todas las v\u00edas legales disponibles\u201d, afirm\u00f3 Vulcan Materials en un comunicado.<\/p>\n<p>\u201cLa expropiaci\u00f3n de la tierra y el puerto de nuestra empresa es otra escalada m\u00e1s y una nueva violaci\u00f3n de los compromisos de M\u00e9xico en virtud de los acuerdos comerciales de Am\u00e9rica del Norte, incluido el TMEC, y otros tratados de inversi\u00f3n aplicables\u201d, afirm\u00f3 Vulcan el martes en el comunicado.<\/p>\n<p>&nbsp;<\/p>\n<blockquote><p><strong>Seg\u00fan se lee en el estudio justificativo, el impacto de las actividades extractivas en la mina Calica ha llegado a tal grado que \u201cse han expuesto nueve cuerpos de agua tras la remoci\u00f3n de la vegetaci\u00f3n y la roca caliza, mientras que el pol\u00edgono La D\u00e1rsena de la propuesta de ANP funciona como sitio para el resguardo de banco de material y puerto mar\u00edtimo\u201d<br \/>\n<\/strong><\/p><\/blockquote>\n","protected":false},"excerpt":{"rendered":"<p>El gobierno de M\u00e9xico public\u00f3 el decreto por el que se crea una nueva \u00c1rea Natural Protegida (ANP) llamada Felipe Carrillo Puerto en Quintana Roo, con una extensi\u00f3n de m\u00e1s de 53,000 hect\u00e1reas que abarca los municipios de Playa del Carmen, Tulum y Cozumel, e incluye los terrenos de Calica, de la empresa estadounidense Vulcan Materials.<\/p>\n","protected":false},"author":3,"featured_media":634705,"comment_status":"open","ping_status":"open","sticky":false,"template":"","format":"standard","meta":{"_monsterinsights_skip_tracking":false,"_monsterinsights_sitenote_active":false,"_monsterinsights_sitenote_note":"","_monsterinsights_sitenote_category":0,"footnotes":""},"categories":[17,3],"tags":[2545,100889,95784],"class_list":["post-634615","post","type-post","status-publish","format-standard","has-post-thumbnail","hentry","category-especiales","category-nacional","tag-amlo","tag-area-protegida","tag-calica"],"_links":{"self":[{"href":"https:\/\/www.diarioimagen.net\/index.php?rest_route=\/wp\/v2\/posts\/634615","targetHints":{"allow":["GET"]}}],"collection":[{"href":"https:\/\/www.diarioimagen.net\/index.php?rest_route=\/wp\/v2\/posts"}],"about":[{"href":"https:\/\/www.diarioimagen.net\/index.php?rest_route=\/wp\/v2\/types\/post"}],"author":[{"embeddable":true,"href":"https:\/\/www.diarioimagen.net\/index.php?rest_route=\/wp\/v2\/users\/3"}],"replies":[{"embeddable":true,"href":"https:\/\/www.diarioimagen.net\/index.php?rest_route=%2Fwp%2Fv2%2Fcomments&post=634615"}],"version-history":[{"count":0,"href":"https:\/\/www.diarioimagen.net\/index.php?rest_route=\/wp\/v2\/posts\/634615\/revisions"}],"wp:featuredmedia":[{"embeddable":true,"href":"https:\/\/www.diarioimagen.net\/index.php?rest_route=\/wp\/v2\/media\/634705"}],"wp:attachment":[{"href":"https:\/\/www.diarioimagen.net\/index.php?rest_route=%2Fwp%2Fv2%2Fmedia&parent=634615"}],"wp:term":[{"taxonomy":"category","embeddable":true,"href":"https:\/\/www.diarioimagen.net\/index.php?rest_route=%2Fwp%2Fv2%2Fcategories&post=634615"},{"taxonomy":"post_tag","embeddable":true,"href":"https:\/\/www.diarioimagen.net\/index.php?rest_route=%2Fwp%2Fv2%2Ftags&post=634615"}],"curies":[{"name":"wp","href":"https:\/\/api.w.org\/{rel}","templated":true}]}}