{"id":634635,"date":"2024-09-25T00:02:19","date_gmt":"2024-09-25T06:02:19","guid":{"rendered":"https:\/\/www.diarioimagen.net\/?p=634635"},"modified":"2024-09-25T02:15:45","modified_gmt":"2024-09-25T08:15:45","slug":"llaman-a-regularizarse-a-comercios-y-empresas-asentadas-en-naucalpan","status":"publish","type":"post","link":"https:\/\/www.diarioimagen.net\/?p=634635","title":{"rendered":"Llaman a regularizarse a comercios y empresas asentadas en Naucalpan"},"content":{"rendered":"<p>&nbsp;<\/p>\n<ul>\n<li><em><strong>Proceso de regularizaci\u00f3n<\/strong><\/em><\/li>\n<\/ul>\n<p>&nbsp;<\/p>\n<div id=\"attachment_634746\" style=\"width: 470px\" class=\"wp-caption aligncenter\"><a href=\"https:\/\/www.diarioimagen.net\/?attachment_id=634746\" rel=\"attachment wp-att-634746\"><img loading=\"lazy\" decoding=\"async\" aria-describedby=\"caption-attachment-634746\" class=\"size-full wp-image-634746\" src=\"https:\/\/www.diarioimagen.net\/wp-content\/uploads\/2024\/09\/llaman-a-regularizarse.jpg\" alt=\"\" width=\"460\" height=\"270\" srcset=\"https:\/\/www.diarioimagen.net\/wp-content\/uploads\/2024\/09\/llaman-a-regularizarse.jpg 460w, https:\/\/www.diarioimagen.net\/wp-content\/uploads\/2024\/09\/llaman-a-regularizarse-240x141.jpg 240w\" sizes=\"auto, (max-width: 460px) 100vw, 460px\" \/><\/a><p id=\"caption-attachment-634746\" class=\"wp-caption-text\">Juan Bracho, director general de Desarrollo y Fomento Econ\u00f3mico de Naucalpan, se\u00f1al\u00f3 que el gobierno municipal s\u00f3lo se tiene registro de poco m\u00e1s 10 mil unidades econ\u00f3nicas.<\/p><\/div>\n<p>&nbsp;<\/p>\n<p><strong>Naucalpan, Estado de M\u00e9xico.\u2014<\/strong> \u201cCon la finalidad de abatir el rezago en el rubro de Regularizaci\u00f3n de Unidades Econ\u00f3micas, estamos trabajando en tema de modificaci\u00f3n del reglamento correspondiente, ya que es instrucciones de la presidenta municipal, Angelica Moya, que podamos entregar todo en orden y transparente\u201d.<\/p>\n<p>As\u00ed lo expres\u00f3, Juan Bracho, director general de Desarrollo y Fomento Econ\u00f3mico de Naucalpan, luego de se\u00f1alar que seg\u00fan el Inegi hay en m\u00e1s de 36 mil unidades econ\u00f3micas de las cuales s\u00f3lo se tiene registro de poco m\u00e1s 10 mil de ellas en el gobierno municipal.<\/p>\n<p>El funcionario destac\u00f3 que en el censo que tienen de unidades econ\u00f3micas es de alrededor de diez mil, aunque en el censo del Inegi se\u00f1ala que hay unas 36 mil, por lo que se ha intervenido en el Cabildo, quien autoriz\u00f3 un tiempo de gracia para que los due\u00f1os de establecimientos comerciales, de empresas, acudan a regularizarse.<\/p>\n<p>A\u00f1ade que trabajar\u00e1n desde la ventanilla \u00fanica, en las oficinas de la direcci\u00f3n de Desarrollo y Fomento Econ\u00f3mico de Naucalpan, facilitando los tr\u00e1mites para que puedan cumplir en la regularizaci\u00f3n de las unidades econ\u00f3micas de todo el municipio.<\/p>\n<p>Destac\u00f3 que tendr\u00e1n cuatro mesas de transici\u00f3n en materia econ\u00f3mica, con representantes del gobierno entrante para que la administraci\u00f3n siguiente tenga claro cu\u00e1les son los n\u00fameros y bueno el objetivo claro en estos tres meses siguientes que le queda a la administraci\u00f3n actual, es trabajar para la entrega.<\/p>\n<p>Destac\u00f3 que trabajan en las propuestas aprobadas en torno a la ampliaci\u00f3n de tiempo para la regularizaci\u00f3n de las unidades econ\u00f3micas que hay en el municipio, dijo Juan Bracho.<\/p>\n","protected":false},"excerpt":{"rendered":"<p>\u201cCon la finalidad de abatir el rezago en el rubro de Regularizaci\u00f3n de Unidades Econ\u00f3micas, estamos trabajando en tema de modificaci\u00f3n del reglamento correspondiente, ya que es instrucciones de la presidenta municipal, Angelica Moya, que podamos entregar todo en orden y transparente\u201d.<\/p>\n","protected":false},"author":3,"featured_media":634746,"comment_status":"open","ping_status":"open","sticky":false,"template":"","format":"standard","meta":{"_monsterinsights_skip_tracking":false,"_monsterinsights_sitenote_active":false,"_monsterinsights_sitenote_note":"","_monsterinsights_sitenote_category":0,"footnotes":""},"categories":[5],"tags":[43675,970,100895],"class_list":["post-634635","post","type-post","status-publish","format-standard","has-post-thumbnail","hentry","category-estado-de-mexico","tag-estado-de-mexico","tag-naucalpan","tag-regularizacion-de-unidades-economicas"],"_links":{"self":[{"href":"https:\/\/www.diarioimagen.net\/index.php?rest_route=\/wp\/v2\/posts\/634635","targetHints":{"allow":["GET"]}}],"collection":[{"href":"https:\/\/www.diarioimagen.net\/index.php?rest_route=\/wp\/v2\/posts"}],"about":[{"href":"https:\/\/www.diarioimagen.net\/index.php?rest_route=\/wp\/v2\/types\/post"}],"author":[{"embeddable":true,"href":"https:\/\/www.diarioimagen.net\/index.php?rest_route=\/wp\/v2\/users\/3"}],"replies":[{"embeddable":true,"href":"https:\/\/www.diarioimagen.net\/index.php?rest_route=%2Fwp%2Fv2%2Fcomments&post=634635"}],"version-history":[{"count":0,"href":"https:\/\/www.diarioimagen.net\/index.php?rest_route=\/wp\/v2\/posts\/634635\/revisions"}],"wp:featuredmedia":[{"embeddable":true,"href":"https:\/\/www.diarioimagen.net\/index.php?rest_route=\/wp\/v2\/media\/634746"}],"wp:attachment":[{"href":"https:\/\/www.diarioimagen.net\/index.php?rest_route=%2Fwp%2Fv2%2Fmedia&parent=634635"}],"wp:term":[{"taxonomy":"category","embeddable":true,"href":"https:\/\/www.diarioimagen.net\/index.php?rest_route=%2Fwp%2Fv2%2Fcategories&post=634635"},{"taxonomy":"post_tag","embeddable":true,"href":"https:\/\/www.diarioimagen.net\/index.php?rest_route=%2Fwp%2Fv2%2Ftags&post=634635"}],"curies":[{"name":"wp","href":"https:\/\/api.w.org\/{rel}","templated":true}]}}