{"id":634637,"date":"2024-09-25T00:04:31","date_gmt":"2024-09-25T06:04:31","guid":{"rendered":"https:\/\/www.diarioimagen.net\/?p=634637"},"modified":"2024-09-25T02:16:13","modified_gmt":"2024-09-25T08:16:13","slug":"elevan-calificacion-crediticia-por-tercer-ano-consecutivo-a-atizapan","status":"publish","type":"post","link":"https:\/\/www.diarioimagen.net\/?p=634637","title":{"rendered":"Elevan calificaci\u00f3n crediticia por tercer a\u00f1o consecutivo a Atizap\u00e1n"},"content":{"rendered":"<p>&nbsp;<\/p>\n<ul>\n<li><em><strong>S\u00f3lida gesti\u00f3n financiera<\/strong><\/em><\/li>\n<\/ul>\n<p>&nbsp;<\/p>\n<div id=\"attachment_634748\" style=\"width: 470px\" class=\"wp-caption aligncenter\"><a href=\"https:\/\/www.diarioimagen.net\/?attachment_id=634748\" rel=\"attachment wp-att-634748\"><img loading=\"lazy\" decoding=\"async\" aria-describedby=\"caption-attachment-634748\" class=\"size-full wp-image-634748\" src=\"https:\/\/www.diarioimagen.net\/wp-content\/uploads\/2024\/09\/elevan-calificacion.jpg\" alt=\"\" width=\"460\" height=\"270\" srcset=\"https:\/\/www.diarioimagen.net\/wp-content\/uploads\/2024\/09\/elevan-calificacion.jpg 460w, https:\/\/www.diarioimagen.net\/wp-content\/uploads\/2024\/09\/elevan-calificacion-240x141.jpg 240w\" sizes=\"auto, (max-width: 460px) 100vw, 460px\" \/><\/a><p id=\"caption-attachment-634748\" class=\"wp-caption-text\">HR Ratings elev\u00f3 de HR AA- a HR AA la calificaci\u00f3n crediticia del gobierno de Atizap\u00e1n, presidido por el alcalde Pedro Rodr\u00edguez Villegas.<\/p><\/div>\n<p>&nbsp;<\/p>\n<p><strong>Atizap\u00e1n de Zaragoza, Estado de M\u00e9xico.\u2014<\/strong> La calificadora internacional \u201cHR Ratings\u201d elev\u00f3 de HR AA- a HR AA la calificaci\u00f3n crediticia de este municipio, presidido por el alcalde Pedro Rodr\u00edguez Villegas, y mantuvo su perspectiva estable, gracias a la expectativa de que el endeudamiento relativo conservar\u00e1 un bajo nivel.<\/p>\n<p>El alza en la calificaci\u00f3n se debi\u00f3 a la s\u00f3lida gesti\u00f3n financiera y un manejo eficiente de la deuda del municipio, de acuerdo con Jos\u00e9 Ortega R\u00edos, Tesorero municipal. La calificadora comunic\u00f3, adem\u00e1s, que la revisi\u00f3n al alza de la calificaci\u00f3n obedece a la reducci\u00f3n observada y proyectada en el endeudamiento neto del Municipio.<\/p>\n<p>\u201cAl t\u00e9rmino de 2023, el dinamismo reportado en los Ingresos Propios provoc\u00f3 una importante alza en los Ingresos de Libre Disposici\u00f3n (ILD). Por ende, la entidad registr\u00f3 un super\u00e1vit en el Balance Primario (BP) de 3.0% de los Ingresos totales (IT), lo que permiti\u00f3 reforzar su posici\u00f3n de liquidez. Como resultado, la Deuda Neta (DN) fue negativa al cierre del ejercicio\u201d, mencion\u00f3 HR Ratings en su informe publicado el pasado 17 de septiembre. Este es el tercer a\u00f1o consecutivo que el Municipio de Atizap\u00e1n de Zaragoza incrementa su calificaci\u00f3n de lo que es la mejora de las finanzas p\u00fablicas del municipio.<\/p>\n","protected":false},"excerpt":{"rendered":"<p>La calificadora internacional \u201cHR Ratings\u201d elev\u00f3 de HR AA- a HR AA la calificaci\u00f3n crediticia de este municipio, presidido por el alcalde Pedro Rodr\u00edguez Villegas, y mantuvo su perspectiva estable, gracias a la expectativa de que el endeudamiento relativo conservar\u00e1 un bajo nivel.<\/p>\n","protected":false},"author":3,"featured_media":634748,"comment_status":"open","ping_status":"open","sticky":false,"template":"","format":"standard","meta":{"_monsterinsights_skip_tracking":false,"_monsterinsights_sitenote_active":false,"_monsterinsights_sitenote_note":"","_monsterinsights_sitenote_category":0,"footnotes":""},"categories":[5],"tags":[3561,43675,85205],"class_list":["post-634637","post","type-post","status-publish","format-standard","has-post-thumbnail","hentry","category-estado-de-mexico","tag-atizapan-de-zaragoza","tag-estado-de-mexico","tag-hr-ratings"],"_links":{"self":[{"href":"https:\/\/www.diarioimagen.net\/index.php?rest_route=\/wp\/v2\/posts\/634637","targetHints":{"allow":["GET"]}}],"collection":[{"href":"https:\/\/www.diarioimagen.net\/index.php?rest_route=\/wp\/v2\/posts"}],"about":[{"href":"https:\/\/www.diarioimagen.net\/index.php?rest_route=\/wp\/v2\/types\/post"}],"author":[{"embeddable":true,"href":"https:\/\/www.diarioimagen.net\/index.php?rest_route=\/wp\/v2\/users\/3"}],"replies":[{"embeddable":true,"href":"https:\/\/www.diarioimagen.net\/index.php?rest_route=%2Fwp%2Fv2%2Fcomments&post=634637"}],"version-history":[{"count":0,"href":"https:\/\/www.diarioimagen.net\/index.php?rest_route=\/wp\/v2\/posts\/634637\/revisions"}],"wp:featuredmedia":[{"embeddable":true,"href":"https:\/\/www.diarioimagen.net\/index.php?rest_route=\/wp\/v2\/media\/634748"}],"wp:attachment":[{"href":"https:\/\/www.diarioimagen.net\/index.php?rest_route=%2Fwp%2Fv2%2Fmedia&parent=634637"}],"wp:term":[{"taxonomy":"category","embeddable":true,"href":"https:\/\/www.diarioimagen.net\/index.php?rest_route=%2Fwp%2Fv2%2Fcategories&post=634637"},{"taxonomy":"post_tag","embeddable":true,"href":"https:\/\/www.diarioimagen.net\/index.php?rest_route=%2Fwp%2Fv2%2Ftags&post=634637"}],"curies":[{"name":"wp","href":"https:\/\/api.w.org\/{rel}","templated":true}]}}