{"id":634639,"date":"2024-09-25T00:02:08","date_gmt":"2024-09-25T06:02:08","guid":{"rendered":"https:\/\/www.diarioimagen.net\/?p=634639"},"modified":"2024-09-25T02:15:01","modified_gmt":"2024-09-25T08:15:01","slug":"frente-por-la-cuarta-republica-va-con-paso-firme-para-convertirse-en-partido","status":"publish","type":"post","link":"https:\/\/www.diarioimagen.net\/?p=634639","title":{"rendered":"Frente por la Cuarta Rep\u00fablica va con paso firme para convertirse en partido"},"content":{"rendered":"<p>&nbsp;<\/p>\n<p><a href=\"https:\/\/www.diarioimagen.net\/?attachment_id=634744\" rel=\"attachment wp-att-634744\"><img loading=\"lazy\" decoding=\"async\" class=\"aligncenter size-full wp-image-634744\" src=\"https:\/\/www.diarioimagen.net\/wp-content\/uploads\/2024\/09\/frente-por-la-cuarta.jpg\" alt=\"\" width=\"460\" height=\"270\" srcset=\"https:\/\/www.diarioimagen.net\/wp-content\/uploads\/2024\/09\/frente-por-la-cuarta.jpg 460w, https:\/\/www.diarioimagen.net\/wp-content\/uploads\/2024\/09\/frente-por-la-cuarta-240x141.jpg 240w\" sizes=\"auto, (max-width: 460px) 100vw, 460px\" \/><\/a><\/p>\n<p>&nbsp;<\/p>\n<p><strong>Tlalnepatla, Estado de M\u00e9xico.\u2014 <\/strong>El Frente por la Cuarta Rep\u00fablica, (FCR), sin duda alguna, se convertir\u00e1 en un partido pol\u00edtico, que ser\u00e1 voz del pueblo de M\u00e9xico, toda vez que cumplir\u00e1, en tiempo y forma, con los mandatos que marca la Ley electoral y en este camino, d\u00eda a d\u00eda, se van sumando miles de personas a este proyecto.<\/p>\n<p>Afirm\u00f3 lo anterior\u00a0 El\u00edas Moreno Brizuela\u00a0 dirigente nacional de dicho frente, al reunirse, una vez m\u00e1s, con liderazgos de la entidad mexiquense de esta localidad. \u201cPretendemos participar en el fortalecimiento de la cultura pol\u00edtica y en el avance de la participaci\u00f3n ciudadana en las tareas de fortalecimiento de la democracia en todos los rincones de M\u00e9xico\u201d, dijo.<\/p>\n","protected":false},"excerpt":{"rendered":"<p>El Frente por la Cuarta Rep\u00fablica, (FCR), sin duda alguna, se convertir\u00e1 en un partido pol\u00edtico, que ser\u00e1 voz del pueblo de M\u00e9xico, toda vez que cumplir\u00e1, en tiempo y forma, con los mandatos que marca la Ley electoral y en este camino, d\u00eda a d\u00eda, se van sumando miles de personas a este proyecto.<\/p>\n","protected":false},"author":3,"featured_media":634744,"comment_status":"open","ping_status":"open","sticky":false,"template":"","format":"standard","meta":{"_monsterinsights_skip_tracking":false,"_monsterinsights_sitenote_active":false,"_monsterinsights_sitenote_note":"","_monsterinsights_sitenote_category":0,"footnotes":""},"categories":[5],"tags":[43675,95233,100078,92495],"class_list":["post-634639","post","type-post","status-publish","format-standard","has-post-thumbnail","hentry","category-estado-de-mexico","tag-estado-de-mexico","tag-firme","tag-frente-por-la-cuarta-republica","tag-tlalnepatla"],"_links":{"self":[{"href":"https:\/\/www.diarioimagen.net\/index.php?rest_route=\/wp\/v2\/posts\/634639","targetHints":{"allow":["GET"]}}],"collection":[{"href":"https:\/\/www.diarioimagen.net\/index.php?rest_route=\/wp\/v2\/posts"}],"about":[{"href":"https:\/\/www.diarioimagen.net\/index.php?rest_route=\/wp\/v2\/types\/post"}],"author":[{"embeddable":true,"href":"https:\/\/www.diarioimagen.net\/index.php?rest_route=\/wp\/v2\/users\/3"}],"replies":[{"embeddable":true,"href":"https:\/\/www.diarioimagen.net\/index.php?rest_route=%2Fwp%2Fv2%2Fcomments&post=634639"}],"version-history":[{"count":0,"href":"https:\/\/www.diarioimagen.net\/index.php?rest_route=\/wp\/v2\/posts\/634639\/revisions"}],"wp:featuredmedia":[{"embeddable":true,"href":"https:\/\/www.diarioimagen.net\/index.php?rest_route=\/wp\/v2\/media\/634744"}],"wp:attachment":[{"href":"https:\/\/www.diarioimagen.net\/index.php?rest_route=%2Fwp%2Fv2%2Fmedia&parent=634639"}],"wp:term":[{"taxonomy":"category","embeddable":true,"href":"https:\/\/www.diarioimagen.net\/index.php?rest_route=%2Fwp%2Fv2%2Fcategories&post=634639"},{"taxonomy":"post_tag","embeddable":true,"href":"https:\/\/www.diarioimagen.net\/index.php?rest_route=%2Fwp%2Fv2%2Ftags&post=634639"}],"curies":[{"name":"wp","href":"https:\/\/api.w.org\/{rel}","templated":true}]}}