{"id":634785,"date":"2024-09-26T00:01:08","date_gmt":"2024-09-26T06:01:08","guid":{"rendered":"https:\/\/www.diarioimagen.net\/?p=634785"},"modified":"2024-09-26T02:03:30","modified_gmt":"2024-09-26T08:03:30","slug":"avanza-la-transicion-de-gobierno-en-cuautitlan-izcalli","status":"publish","type":"post","link":"https:\/\/www.diarioimagen.net\/?p=634785","title":{"rendered":"Avanza la transici\u00f3n de gobierno en Cuautitl\u00e1n Izcalli"},"content":{"rendered":"<p>&nbsp;<\/p>\n<p><a href=\"https:\/\/www.diarioimagen.net\/?attachment_id=634866\" rel=\"attachment wp-att-634866\"><img loading=\"lazy\" decoding=\"async\" class=\"aligncenter size-full wp-image-634866\" src=\"https:\/\/www.diarioimagen.net\/wp-content\/uploads\/2024\/09\/avanza-transicion.jpg\" alt=\"\" width=\"460\" height=\"270\" srcset=\"https:\/\/www.diarioimagen.net\/wp-content\/uploads\/2024\/09\/avanza-transicion.jpg 460w, https:\/\/www.diarioimagen.net\/wp-content\/uploads\/2024\/09\/avanza-transicion-240x141.jpg 240w\" sizes=\"auto, (max-width: 460px) 100vw, 460px\" \/><\/a><\/p>\n<p>&nbsp;<\/p>\n<p><strong>Cuautitl\u00e1n Izcalli, Estado de M\u00e9xico.\u2014 <\/strong>Con fundamento en el art\u00edculo 16 de los lineamientos que norman la entrega-recepci\u00f3n de los Ayuntamientos y derivado de lo acordado en la primera sesi\u00f3n de transici\u00f3n, se llev\u00f3 a cabo la primera mesa de trabajo donde el Gobierno Municipal de esta localidad, abord\u00f3 los temas de situaci\u00f3n financiera y presupuestal reportado al \u00d3rgano Superior por parte de la administraci\u00f3n saliente y la situaci\u00f3n de los bienes muebles e inmuebles.<\/p>\n<p>De igual manera, se detallaron los predios que est\u00e1n inscritos en el inventario general de bienes inmuebles y en proceso de regularizaci\u00f3n, entre otros. El gobierno de Cuautitl\u00e1n Izcalli ha establecido una administraci\u00f3n con bases s\u00f3lidas, mostrando su compromiso de que a los izcallenses les siga yendo bien. Por este motivo, se dejar\u00e1n cuentas claras demostrando una gesti\u00f3n transparente, responsable y apegada a la ley.<\/p>\n","protected":false},"excerpt":{"rendered":"<p>Con fundamento en el art\u00edculo 16 de los lineamientos que norman la entrega-recepci\u00f3n de los Ayuntamientos y derivado de lo acordado en la primera sesi\u00f3n de transici\u00f3n, se llev\u00f3 a cabo la primera mesa de trabajo donde el Gobierno Municipal de esta localidad, abord\u00f3 los temas de situaci\u00f3n financiera y presupuestal reportado al \u00d3rgano Superior por parte de la administraci\u00f3n saliente y la situaci\u00f3n de los bienes muebles e inmuebles.<\/p>\n","protected":false},"author":3,"featured_media":634866,"comment_status":"open","ping_status":"open","sticky":false,"template":"","format":"standard","meta":{"_monsterinsights_skip_tracking":false,"_monsterinsights_sitenote_active":false,"_monsterinsights_sitenote_note":"","_monsterinsights_sitenote_category":0,"footnotes":""},"categories":[5],"tags":[971,43675,7196,11978],"class_list":["post-634785","post","type-post","status-publish","format-standard","has-post-thumbnail","hentry","category-estado-de-mexico","tag-cuautitlan-izcalli","tag-estado-de-mexico","tag-gobierno","tag-transicion"],"_links":{"self":[{"href":"https:\/\/www.diarioimagen.net\/index.php?rest_route=\/wp\/v2\/posts\/634785","targetHints":{"allow":["GET"]}}],"collection":[{"href":"https:\/\/www.diarioimagen.net\/index.php?rest_route=\/wp\/v2\/posts"}],"about":[{"href":"https:\/\/www.diarioimagen.net\/index.php?rest_route=\/wp\/v2\/types\/post"}],"author":[{"embeddable":true,"href":"https:\/\/www.diarioimagen.net\/index.php?rest_route=\/wp\/v2\/users\/3"}],"replies":[{"embeddable":true,"href":"https:\/\/www.diarioimagen.net\/index.php?rest_route=%2Fwp%2Fv2%2Fcomments&post=634785"}],"version-history":[{"count":0,"href":"https:\/\/www.diarioimagen.net\/index.php?rest_route=\/wp\/v2\/posts\/634785\/revisions"}],"wp:featuredmedia":[{"embeddable":true,"href":"https:\/\/www.diarioimagen.net\/index.php?rest_route=\/wp\/v2\/media\/634866"}],"wp:attachment":[{"href":"https:\/\/www.diarioimagen.net\/index.php?rest_route=%2Fwp%2Fv2%2Fmedia&parent=634785"}],"wp:term":[{"taxonomy":"category","embeddable":true,"href":"https:\/\/www.diarioimagen.net\/index.php?rest_route=%2Fwp%2Fv2%2Fcategories&post=634785"},{"taxonomy":"post_tag","embeddable":true,"href":"https:\/\/www.diarioimagen.net\/index.php?rest_route=%2Fwp%2Fv2%2Ftags&post=634785"}],"curies":[{"name":"wp","href":"https:\/\/api.w.org\/{rel}","templated":true}]}}