{"id":634959,"date":"2024-09-27T00:03:37","date_gmt":"2024-09-27T06:03:37","guid":{"rendered":"https:\/\/www.diarioimagen.net\/?p=634959"},"modified":"2024-09-30T00:16:05","modified_gmt":"2024-09-30T06:16:05","slug":"trabajos-del-tren-maya-provocarian-inundaciones-en-huay-pix-y-chetumal","status":"publish","type":"post","link":"https:\/\/www.diarioimagen.net\/?p=634959","title":{"rendered":"Trabajos del Tren Maya provocar\u00edan inundaciones en Huay-Pix y Chetumal"},"content":{"rendered":"<p>&nbsp;<\/p>\n<h2 style=\"text-align: center;\">Faltan medidas de mitigaci\u00f3n\u00a0ambiental<\/h2>\n<p>&nbsp;<\/p>\n<ul>\n<li><strong><em>Terraplenes en el estero de Chac representan un riesgo latente, se\u00f1ala investigadora<\/em><\/strong><\/li>\n<\/ul>\n<p><strong>\u00a0<\/strong><\/p>\n<div id=\"attachment_635037\" style=\"width: 470px\" class=\"wp-caption aligncenter\"><a href=\"https:\/\/www.diarioimagen.net\/?attachment_id=635037\" rel=\"attachment wp-att-635037\"><img loading=\"lazy\" decoding=\"async\" aria-describedby=\"caption-attachment-635037\" class=\"size-full wp-image-635037\" src=\"https:\/\/www.diarioimagen.net\/wp-content\/uploads\/2024\/09\/trabajos-del-tren-maya.jpg\" alt=\"\" width=\"460\" height=\"270\" srcset=\"https:\/\/www.diarioimagen.net\/wp-content\/uploads\/2024\/09\/trabajos-del-tren-maya.jpg 460w, https:\/\/www.diarioimagen.net\/wp-content\/uploads\/2024\/09\/trabajos-del-tren-maya-240x141.jpg 240w\" sizes=\"auto, (max-width: 460px) 100vw, 460px\" \/><\/a><p id=\"caption-attachment-635037\" class=\"wp-caption-text\">En abril pasado se suspendieron los trabajos de verificaci\u00f3n del impacto ambiental al estero de Chac por la construcci\u00f3n del Tren Maya.<\/p><\/div>\n<p>&nbsp;<\/p>\n<p>&nbsp;<\/p>\n<p><strong>Chetumal.\u2014<\/strong> En abril pasado se suspendieron los trabajos de verificaci\u00f3n del impacto ambiental al estero de Chac por la construcci\u00f3n del Tren Maya, por lo que, Mar\u00eda Luisa Villareal, integrante del Comit\u00e9 Ciudadano de seguimiento, dijo que existe preocupaci\u00f3n por la falta de aplicaci\u00f3n de medidas de mitigaci\u00f3n ambiental comprometidas por la Secretar\u00eda de la Defensa Nacional (Sedena).<\/p>\n<p>Dijo que, despu\u00e9s de las protestas por la construcci\u00f3n de terraplenes sobre el estero de Chac para los puentes de cruce del Tren Maya \u201cestuvimos trabajando con la Sedena para realizar los monitoreos del posible impacto ambiental hasta que se acab\u00f3 el recurso y quedaron suspendidos desde abril\u201d.<\/p>\n<p>En este escenario, los ingenieros de la Sedena justificaron la construcci\u00f3n de los terraplenes sobre el estero de Chac para poder pilotear y construir los puentes y que una vez terminado el proyecto presidencial ser\u00edan retirados para evitar posibles inundaciones, no obstante, Villareal reconoci\u00f3 que hay preocupaci\u00f3n por el atraso considerable que presenta la construcci\u00f3n del Tren Maya en la zona \u201cversiones extraoficiales, refieren que pudiera tardar entre uno y dos a\u00f1os y mientras tanto no se aplicaran las medidas de mitigaci\u00f3n de impacto ambiental\u201d, lament\u00f3.<\/p>\n<p>A esto agreg\u00f3: \u201cLos terraplenes est\u00e1n funcionando como diques y por el momento no ha sucedido nada, pero lluvias intensas pudieran ocasionar inundaciones en la zona y el agua escurrir\u00e1 hacia las poblaciones de Huay Pix y Chetumal en lugar del Rio Hondo ocasionando nuevos problemas de inundaciones\u201d.<\/p>\n<p>El Estero de Chac es un pantano de 9 mil hect\u00e1reas y la zona es un punto de descarga porque el agua baja de Bacalar y se inunda en tiempo de lluvias, pero con el dique hay riesgo de inundaci\u00f3n en Huay Pix y Chetumal.<\/p>\n<p>\u201cEl ej\u00e9rcito y el comit\u00e9 ciudadano tomaron acuerdos para aplicar medidas de mitigaci\u00f3n sobre el estero de Chac, que desde marzo quedaron suspendidas todas las actividades y no ha habido m\u00e1s reuniones\u201d concluy\u00f3.<\/p>\n<p style=\"text-align: center;\"><strong>M\u00e1s oportunidades para artesanos\u00a0<\/strong><\/p>\n<p>Por otro lado, se inform\u00f3 que el Tren Maya en breve empezar\u00e1 a dejar beneficios no solo para los trabajadores directos de la obra y sus complementarias, sino para negocios cercanos a las estaciones y otros.<\/p>\n<p>En este marco, aseguran que el Tren Maya representa una oportunidad clave para combatir el coyotaje y permitir que los artesanos vendan sus productos directamente a los turistas, sin intermediarios.<\/p>\n<p>Eric Borges, presidente municipal de Jos\u00e9 Mar\u00eda Morelos, declar\u00f3 que una vez que todos los tramos del Tren Maya est\u00e9n en operaci\u00f3n, los beneficios se extender\u00e1n por todo Quintana Roo.\u00a0 El funcionario, asegur\u00f3 que, espec\u00edficamente en el municipio de Jos\u00e9 Mar\u00eda Morelos, al estar en la Zona Maya, se beneficiar\u00e1 del incremento de turistas extranjeros interesados en la cultura y los atractivos naturales de la regi\u00f3n.<\/p>\n<p>Y concluy\u00f3 que, se seguir\u00e1 impulsando programas para apoyar a las artesanas y productoras locales, con el objetivo de que puedan comercializar sus productos directamente y as\u00ed obtener mayores ingresos.<\/p>\n","protected":false},"excerpt":{"rendered":"<p>En abril pasado se suspendieron los trabajos de verificaci\u00f3n del impacto ambiental al estero de Chac por la construcci\u00f3n del Tren Maya, por lo que, Mar\u00eda Luisa Villareal, integrante del Comit\u00e9 Ciudadano de seguimiento, dijo que existe preocupaci\u00f3n por la falta de aplicaci\u00f3n de medidas de mitigaci\u00f3n ambiental comprometidas por la Secretar\u00eda de la Defensa Nacional (Sedena).<\/p>\n","protected":false},"author":3,"featured_media":635037,"comment_status":"open","ping_status":"open","sticky":false,"template":"","format":"standard","meta":{"_monsterinsights_skip_tracking":false,"_monsterinsights_sitenote_active":false,"_monsterinsights_sitenote_note":"","_monsterinsights_sitenote_category":0,"footnotes":""},"categories":[17,3],"tags":[1985,80413,76415],"class_list":["post-634959","post","type-post","status-publish","format-standard","has-post-thumbnail","hentry","category-especiales","category-nacional","tag-inundaciones","tag-ocasiona","tag-tren-maya"],"_links":{"self":[{"href":"https:\/\/www.diarioimagen.net\/index.php?rest_route=\/wp\/v2\/posts\/634959","targetHints":{"allow":["GET"]}}],"collection":[{"href":"https:\/\/www.diarioimagen.net\/index.php?rest_route=\/wp\/v2\/posts"}],"about":[{"href":"https:\/\/www.diarioimagen.net\/index.php?rest_route=\/wp\/v2\/types\/post"}],"author":[{"embeddable":true,"href":"https:\/\/www.diarioimagen.net\/index.php?rest_route=\/wp\/v2\/users\/3"}],"replies":[{"embeddable":true,"href":"https:\/\/www.diarioimagen.net\/index.php?rest_route=%2Fwp%2Fv2%2Fcomments&post=634959"}],"version-history":[{"count":0,"href":"https:\/\/www.diarioimagen.net\/index.php?rest_route=\/wp\/v2\/posts\/634959\/revisions"}],"wp:featuredmedia":[{"embeddable":true,"href":"https:\/\/www.diarioimagen.net\/index.php?rest_route=\/wp\/v2\/media\/635037"}],"wp:attachment":[{"href":"https:\/\/www.diarioimagen.net\/index.php?rest_route=%2Fwp%2Fv2%2Fmedia&parent=634959"}],"wp:term":[{"taxonomy":"category","embeddable":true,"href":"https:\/\/www.diarioimagen.net\/index.php?rest_route=%2Fwp%2Fv2%2Fcategories&post=634959"},{"taxonomy":"post_tag","embeddable":true,"href":"https:\/\/www.diarioimagen.net\/index.php?rest_route=%2Fwp%2Fv2%2Ftags&post=634959"}],"curies":[{"name":"wp","href":"https:\/\/api.w.org\/{rel}","templated":true}]}}