{"id":634978,"date":"2024-09-27T00:04:52","date_gmt":"2024-09-27T06:04:52","guid":{"rendered":"https:\/\/www.diarioimagen.net\/?p=634978"},"modified":"2024-09-26T22:53:27","modified_gmt":"2024-09-27T04:53:27","slug":"rencor","status":"publish","type":"post","link":"https:\/\/www.diarioimagen.net\/?p=634978","title":{"rendered":"Rencor"},"content":{"rendered":"<h2>De pe a pa<\/h2>\n<h5>Alberto Vieyra G.<\/h5>\n<p>&nbsp;<\/p>\n<p>El rencor de AMLO contra Espa\u00f1a, tambi\u00e9n es el rencor de Claudia.<\/p>\n<p>\u00bfDe d\u00f3nde le viene ese diab\u00f3lico rencor a AMLO, a pesar de que por sus venas corre sangre espa\u00f1ola?<\/p>\n<p>Recu\u00e9rdese que, en 1917, cuando M\u00e9xico era un caos producto de la Revoluci\u00f3n Mexicana en la que murieron un mill\u00f3n de compatriotas, la \u00fanica vez que ha descendido la poblaci\u00f3n en M\u00e9xico, llegaba a territorio mexicano, huyendo de los horrores de la Primera Guerra Mundial, Jos\u00e9 Obrador Revuelta, el abuelo de quien jam\u00e1s debi\u00f3 permitirse que fuese Presidente de la naci\u00f3n azteca. Jos\u00e9 Obrador Revuelta era originario de Cantabria, Espa\u00f1a lugar que fue conocido por su nieto en el 2017.<\/p>\n<p>El abuelo de Andr\u00e9s Manuel L\u00f3pez Obrador se afincar\u00eda Tepetit\u00e1n, en Tabasco, donde se cas\u00f3 con \u00darsula Gonz\u00e1lez. Fruto de ese matrimonio naci\u00f3 Manuela Obrador, madre del presidente L\u00f3pez Obrador.<\/p>\n<p>\u00bfDe d\u00f3nde le viene entonces a AMLO ese acendrado rencor que siente contra lo espa\u00f1ol o es pura simulaci\u00f3n pol\u00edtica para revivir el odio entre los mexicanos que no han sabido entender La Conquista y la conformaci\u00f3n de la nueva cultura del mestizaje? \u00bfSin esa fusi\u00f3n de razas ind\u00edgena y blanca, M\u00e9xico seguir\u00eda siendo una gran Tenochtitl\u00e1n de indios taparrabo?<\/p>\n<p>Veamos: El 1 de diciembre de 2018, tras su toma de posesi\u00f3n, el presidente L\u00f3pez Obrador recibi\u00f3 al rey Felipe VI de Espa\u00f1a en su despacho de Palacio Nacional y all\u00ed hablaron del tema del perd\u00f3n, pero fue a propuesta del monarca, no suya y se lleg\u00f3 a plantear una visita a M\u00e9xico para ventilar el tema.<\/p>\n<p>Pero menos de un a\u00f1o despu\u00e9s, L\u00f3pez Obrador haciendo a un lado a la canciller\u00eda mexicana, es decir pas\u00e1ndose por los bolsillos el arte de la diplomacia, el 1 de marzo de 2019 le envi\u00f3 una carta al rey que leer\u00eda en la ma\u00f1anera rompiendo una regla de oro, regla de confianza, hacer p\u00fablico lo privado, y donde le planteaba una ceremonia conjunta al m\u00e1s alto nivel en la que el \u201cReino de Espa\u00f1a exprese de manera p\u00fablica y oficial el reconocimiento de los agravios causados y pidiera disculpas\u201d.<\/p>\n<p>Esa indolente carta resultar\u00eda como Las Cartas de Eufemia, sin contestaci\u00f3n. Es decir, que el rey ignor\u00f3 a AMLO, quien montar\u00eda en c\u00f3lera y su entripado se lo acaba de endosar a su sucesora, la presidenta cient\u00edfica Claudia Sheinbaum, quien viene a resultar la primera v\u00edctima de AMLO, porque como el se\u00f1or presidente tiene rencor contra los espa\u00f1oles, pues ella tambi\u00e9n y habr\u00e1 que recordarle a do\u00f1a Claudia que \u201cmal comienza la semana para el que ahorcan en lunes\u201d.<\/p>\n<p>Por ese rencor, do\u00f1a Claudia no invit\u00f3 al rey Felipe VI a su toma de posesi\u00f3n. Se lo brinc\u00f3 e invit\u00f3 directamente al presidente espa\u00f1ol Pedro S\u00e1nchez, quien le habl\u00f3 telef\u00f3nicamente para recordarle que Espa\u00f1a vive un gobierno mon\u00e1rquico, en el que el primero es el rey, y el rey no fue invitado, y en una larga carta le dice do\u00f1a Claudia en pocas palabras que como no ha ofrecido p\u00fablicamente el perd\u00f3n por \u201clos agravios causados en su momento a los pueblos originarios de M\u00e9xico, con la finalidad de iniciar una nueva etapa en la relaci\u00f3n bilateral de ambos pa\u00edses\u201d, pues do\u00f1a Claudia le enderez\u00f3 el pleito al rey de Espa\u00f1a.<\/p>\n<p>Ah, pero eso s\u00ed, invit\u00f3 al dictador ruso Vladimir Putin, al s\u00e1trapa de Nicol\u00e1s Maduro que acaba de robar la elecci\u00f3n presidencial en Venezuela o al otro dictador de Cuba, Miguel D\u00edaz-Canel. En suma, nos queda claro que el que seguir\u00e1 mandando en M\u00e9xico es L\u00f3pez Obrador, quien le ha restado a M\u00e9xico mucho mundo y ha hecho que la naci\u00f3n azteca se convierta en el \u00e1mbito internacional como un pueblo bananero.<\/p>\n<p><em><a href=\"mailto:info@agenciamn.com\" target=\"_blank\" rel=\"noopener noreferrer\">info@agenciamn.com<\/a><\/em><\/p>\n","protected":false},"excerpt":{"rendered":"<p><span style=\"color: #005497;\"><strong>Alberto Vieyra G.<\/strong><\/span><\/p>\n","protected":false},"author":3,"featured_media":0,"comment_status":"open","ping_status":"open","sticky":false,"template":"","format":"standard","meta":{"_monsterinsights_skip_tracking":false,"_monsterinsights_sitenote_active":false,"_monsterinsights_sitenote_note":"","_monsterinsights_sitenote_category":0,"footnotes":""},"categories":[4596],"tags":[43697,4597,43674],"class_list":["post-634978","post","type-post","status-publish","format-standard","hentry","category-alberto-vieyra-g","tag-alberto-vieyra-g","tag-de-pe-a-pa","tag-opinion"],"_links":{"self":[{"href":"https:\/\/www.diarioimagen.net\/index.php?rest_route=\/wp\/v2\/posts\/634978","targetHints":{"allow":["GET"]}}],"collection":[{"href":"https:\/\/www.diarioimagen.net\/index.php?rest_route=\/wp\/v2\/posts"}],"about":[{"href":"https:\/\/www.diarioimagen.net\/index.php?rest_route=\/wp\/v2\/types\/post"}],"author":[{"embeddable":true,"href":"https:\/\/www.diarioimagen.net\/index.php?rest_route=\/wp\/v2\/users\/3"}],"replies":[{"embeddable":true,"href":"https:\/\/www.diarioimagen.net\/index.php?rest_route=%2Fwp%2Fv2%2Fcomments&post=634978"}],"version-history":[{"count":0,"href":"https:\/\/www.diarioimagen.net\/index.php?rest_route=\/wp\/v2\/posts\/634978\/revisions"}],"wp:attachment":[{"href":"https:\/\/www.diarioimagen.net\/index.php?rest_route=%2Fwp%2Fv2%2Fmedia&parent=634978"}],"wp:term":[{"taxonomy":"category","embeddable":true,"href":"https:\/\/www.diarioimagen.net\/index.php?rest_route=%2Fwp%2Fv2%2Fcategories&post=634978"},{"taxonomy":"post_tag","embeddable":true,"href":"https:\/\/www.diarioimagen.net\/index.php?rest_route=%2Fwp%2Fv2%2Ftags&post=634978"}],"curies":[{"name":"wp","href":"https:\/\/api.w.org\/{rel}","templated":true}]}}