{"id":635128,"date":"2024-09-30T00:02:02","date_gmt":"2024-09-30T06:02:02","guid":{"rendered":"https:\/\/www.diarioimagen.net\/?p=635128"},"modified":"2024-09-30T00:27:37","modified_gmt":"2024-09-30T06:27:37","slug":"morena-sera-mas-movimiento-social-que-partido-politico-dice-max-correa-hernandez","status":"publish","type":"post","link":"https:\/\/www.diarioimagen.net\/?p=635128","title":{"rendered":"Morena ser\u00e1 m\u00e1s movimiento social que partido pol\u00edtico, dice Max Correa Hern\u00e1ndez"},"content":{"rendered":"<p>&nbsp;<\/p>\n<ul>\n<li><em><strong>Impulsar\u00e1n afiliaci\u00f3n nacional<\/strong><\/em><\/li>\n<\/ul>\n<p>&nbsp;<\/p>\n<div id=\"attachment_635184\" style=\"width: 470px\" class=\"wp-caption aligncenter\"><a href=\"https:\/\/www.diarioimagen.net\/?attachment_id=635184\" rel=\"attachment wp-att-635184\"><img loading=\"lazy\" decoding=\"async\" aria-describedby=\"caption-attachment-635184\" class=\"size-full wp-image-635184\" src=\"https:\/\/www.diarioimagen.net\/wp-content\/uploads\/2024\/09\/morena-sera-mas-movimiento.jpg\" alt=\"\" width=\"460\" height=\"270\" srcset=\"https:\/\/www.diarioimagen.net\/wp-content\/uploads\/2024\/09\/morena-sera-mas-movimiento.jpg 460w, https:\/\/www.diarioimagen.net\/wp-content\/uploads\/2024\/09\/morena-sera-mas-movimiento-240x141.jpg 240w\" sizes=\"auto, (max-width: 460px) 100vw, 460px\" \/><\/a><p id=\"caption-attachment-635184\" class=\"wp-caption-text\">El congresista morenista Max Correa Hern\u00e1ndez se\u00f1al\u00f3 que Morena ser\u00e1 m\u00e1s movimiento social y no un partido de Estado.<\/p><\/div>\n<p>&nbsp;<\/p>\n<p><strong>Tlalnepantla Estado de M\u00e9xico.<\/strong>\u2014 En el segundo piso de la transformaci\u00f3n, Morena ser\u00e1 m\u00e1s movimiento social y no un partido de Estado, afirm\u00f3 el congresista nacional de ese instituto pol\u00edtico, Max Correa Hern\u00e1ndez.<\/p>\n<p>Tras la celebraci\u00f3n del Congreso Nacional de Morena, donde fue renovada su dirigencia nacional, Correa Hern\u00e1ndez explic\u00f3 que entre las tareas para fortalecer la estructura del partido se encuentra un programa de afiliaci\u00f3n nacional, la creaci\u00f3n de un comit\u00e9 vinculado al pueblo en cada secci\u00f3n electoral y el fortalecimiento de la estructura de todos los comit\u00e9s municipales.<\/p>\n<p>\u201cY para que el proyecto no pierda su rumbo, se vigilar\u00e1 el desempe\u00f1o de los representantes de Morena y sus gobiernos municipales y estatales\u201d, apunt\u00f3 el ex diputado mexiquense.<\/p>\n<p>Se\u00f1al\u00f3 que para cimentar el segundo piso de la transformaci\u00f3n Morena no va a aspirar a representar al pueblo, sino que el pueblo organizado en movimiento seguir\u00e1 impulsando la Transformaci\u00f3n del pa\u00eds y del gobierno federal, que ser\u00e1 encabezado por la morenista Claudia Sheinbaum Pardo. \u201cEl reto es que los representantes populares y de partido est\u00e9n en las comunidades, barrios, ejidos y secci\u00f3n electoral y den la cara, expliquen el proceso interno de Morena e inviten al pueblo a que se afilie\u201d, apunt\u00f3 el tambi\u00e9n dirigente nacional de la Central Campesina Cardenista (CCC).<\/p>\n<p>Asimismo, calific\u00f3 como un congreso hist\u00f3rico el realizado hace unos d\u00edas por su partido, que se caracteriz\u00f3 por ser el del relevo generacional: \u201cCon la frescura de los nuevos cuadros dirigentes y el legado fundamental del presidente L\u00f3pez Obrador, Morena est\u00e1 preparado para enfrentar los retos en la nueva etapa del segundo piso de la transformaci\u00f3n\u201d.<\/p>\n","protected":false},"excerpt":{"rendered":"<p>En el segundo piso de la transformaci\u00f3n, Morena ser\u00e1 m\u00e1s movimiento social y no un partido de Estado, afirm\u00f3 el congresista nacional de ese instituto pol\u00edtico, Max Correa Hern\u00e1ndez.<\/p>\n","protected":false},"author":3,"featured_media":635184,"comment_status":"open","ping_status":"open","sticky":false,"template":"","format":"standard","meta":{"_monsterinsights_skip_tracking":false,"_monsterinsights_sitenote_active":false,"_monsterinsights_sitenote_note":"","_monsterinsights_sitenote_category":0,"footnotes":""},"categories":[5],"tags":[96323,20663,100918],"class_list":["post-635128","post","type-post","status-publish","format-standard","has-post-thumbnail","hentry","category-estado-de-mexico","tag-max-correa-hernandez","tag-morena","tag-movimiento-social"],"_links":{"self":[{"href":"https:\/\/www.diarioimagen.net\/index.php?rest_route=\/wp\/v2\/posts\/635128","targetHints":{"allow":["GET"]}}],"collection":[{"href":"https:\/\/www.diarioimagen.net\/index.php?rest_route=\/wp\/v2\/posts"}],"about":[{"href":"https:\/\/www.diarioimagen.net\/index.php?rest_route=\/wp\/v2\/types\/post"}],"author":[{"embeddable":true,"href":"https:\/\/www.diarioimagen.net\/index.php?rest_route=\/wp\/v2\/users\/3"}],"replies":[{"embeddable":true,"href":"https:\/\/www.diarioimagen.net\/index.php?rest_route=%2Fwp%2Fv2%2Fcomments&post=635128"}],"version-history":[{"count":0,"href":"https:\/\/www.diarioimagen.net\/index.php?rest_route=\/wp\/v2\/posts\/635128\/revisions"}],"wp:featuredmedia":[{"embeddable":true,"href":"https:\/\/www.diarioimagen.net\/index.php?rest_route=\/wp\/v2\/media\/635184"}],"wp:attachment":[{"href":"https:\/\/www.diarioimagen.net\/index.php?rest_route=%2Fwp%2Fv2%2Fmedia&parent=635128"}],"wp:term":[{"taxonomy":"category","embeddable":true,"href":"https:\/\/www.diarioimagen.net\/index.php?rest_route=%2Fwp%2Fv2%2Fcategories&post=635128"},{"taxonomy":"post_tag","embeddable":true,"href":"https:\/\/www.diarioimagen.net\/index.php?rest_route=%2Fwp%2Fv2%2Ftags&post=635128"}],"curies":[{"name":"wp","href":"https:\/\/api.w.org\/{rel}","templated":true}]}}