{"id":635130,"date":"2024-09-30T00:03:07","date_gmt":"2024-09-30T06:03:07","guid":{"rendered":"https:\/\/www.diarioimagen.net\/?p=635130"},"modified":"2024-09-30T00:26:22","modified_gmt":"2024-09-30T06:26:22","slug":"reconoce-infoem-a-huixquilucan-por-practica-en-programa-esfuerzo-24-7","status":"publish","type":"post","link":"https:\/\/www.diarioimagen.net\/?p=635130","title":{"rendered":"Reconoce Infoem a Huixquilucan por pr\u00e1ctica en programa \u201cEsfuerzo 24\/7\u201d"},"content":{"rendered":"<p>&nbsp;<\/p>\n<ul>\n<li><em><strong>En el rubro de transparencia proactiva<\/strong><\/em><\/li>\n<\/ul>\n<p>&nbsp;<\/p>\n<div id=\"attachment_635186\" style=\"width: 470px\" class=\"wp-caption aligncenter\"><a href=\"https:\/\/www.diarioimagen.net\/?attachment_id=635186\" rel=\"attachment wp-att-635186\"><img loading=\"lazy\" decoding=\"async\" aria-describedby=\"caption-attachment-635186\" class=\"size-full wp-image-635186\" src=\"https:\/\/www.diarioimagen.net\/wp-content\/uploads\/2024\/09\/reconoce-infoem.jpg\" alt=\"\" width=\"460\" height=\"270\" srcset=\"https:\/\/www.diarioimagen.net\/wp-content\/uploads\/2024\/09\/reconoce-infoem.jpg 460w, https:\/\/www.diarioimagen.net\/wp-content\/uploads\/2024\/09\/reconoce-infoem-240x141.jpg 240w\" sizes=\"auto, (max-width: 460px) 100vw, 460px\" \/><\/a><p id=\"caption-attachment-635186\" class=\"wp-caption-text\">El Infoem reconoci\u00f3 al gobierno de Romina Contreras Carrasco y al Sistema Aguas de Huixquilucan por la pr\u00e1ctica denominada \u201cEsfuerzo 24\/7\u201d, en el rubro de transparencia proactiva.<\/p><\/div>\n<p>&nbsp;<\/p>\n<p><strong>Hiixquilucan, Estado de M\u00e9xico.\u2014<\/strong> El Instituto de Transparencia, Acceso a la Informaci\u00f3n P\u00fablica y Protecci\u00f3n de Datos Personales del Estado de M\u00e9xico y Municipios (Infoem) reconoci\u00f3 al gobierno y al Sistema Aguas de Huixquilucan por la pr\u00e1ctica denominada \u201cEsfuerzo 24\/7\u201d, en el rubro de transparencia proactiva; un micrositio que permite mantener una cercan\u00eda con la poblaci\u00f3n y una comunicaci\u00f3n eficiente para garantizar el derecho de acceso a la informaci\u00f3n,<\/p>\n<p>La presidenta municipal, Romina Contreras Carrasco, destac\u00f3 que la iniciativa \u201cEsfuerzo 24\/7\u201d surgi\u00f3 como respuesta a la crisis h\u00eddrica que registra la Zona Metropolitana del Valle de M\u00e9xico, debido a los niveles bajos en las presas del Sistema Cutzamala, a trav\u00e9s del cual se desarrollan acciones a corto, mediano y largo plazo para mejorar el suministro y abasto de agua.<\/p>\n<p>Detall\u00f3 que el Sistema Aguas de Huixquilucan complement\u00f3 el programa \u201cEsfuerzo 24\/7\u201d con informaci\u00f3n que ofrece a trav\u00e9s de su portal oficial, para que la poblaci\u00f3n se mantenga enterada de las acciones, obras y proyectos que lleva a cabo en esta materia, la cual est\u00e1 abierta a la ciudadan\u00eda en general de manera accesible y transparente.<\/p>\n<p>\u201cEn Huixquilucan, reconocemos el trabajo que hace el Infoem, la transparencia es indispensable para todos los ciudadanos, para que est\u00e9n enterados de lo que est\u00e1n realizando cada uno de los Ayuntamientos, cada uno de los gobiernos.<\/p>\n<p>Y, nosotros, a trav\u00e9s de este programa emergente Esfuerzo 24\/7, en esta crisis h\u00eddrica que se presenta en nuestro estado, es muy importante que los ciudadanos est\u00e9n informados y que se tomen acciones en beneficio de todos y cada uno de ellos\u201d, se\u00f1al\u00f3 Romina Contreras.<\/p>\n<p>En presencia del comisionado presidente del Infoem, Jos\u00e9 Mart\u00ednez Vilchis, Romina Contreras explic\u00f3 que el Gobierno de Huixquilucan mantiene finanzas sanas y prioriza la transparencia y el manejo adecuado de los recursos p\u00fablicos, con el compromiso de mejorar la calidad de vida de la ciudadan\u00eda; y asegur\u00f3 que estas acciones se encuentran reflejadas en el portal de Informaci\u00f3n P\u00fablica de Oficio Mexiquense (Ipomex), lo que permiti\u00f3 que Huixquilucan reciba este reconocimiento.<\/p>\n","protected":false},"excerpt":{"rendered":"<p>El Instituto de Transparencia, Acceso a la Informaci\u00f3n P\u00fablica y Protecci\u00f3n de Datos Personales del Estado de M\u00e9xico y Municipios (Infoem) reconoci\u00f3 al gobierno y al Sistema Aguas de Huixquilucan por la pr\u00e1ctica denominada \u201cEsfuerzo 24\/7\u201d, en el rubro de transparencia proactiva; un micrositio que permite mantener una cercan\u00eda con la poblaci\u00f3n y una comunicaci\u00f3n eficiente para garantizar el derecho de acceso a la informaci\u00f3n,<\/p>\n","protected":false},"author":3,"featured_media":635186,"comment_status":"open","ping_status":"open","sticky":false,"template":"","format":"standard","meta":{"_monsterinsights_skip_tracking":false,"_monsterinsights_sitenote_active":false,"_monsterinsights_sitenote_note":"","_monsterinsights_sitenote_category":0,"footnotes":""},"categories":[5],"tags":[43675,100919,11001],"class_list":["post-635130","post","type-post","status-publish","format-standard","has-post-thumbnail","hentry","category-estado-de-mexico","tag-estado-de-mexico","tag-hiixquilucan","tag-infoem"],"_links":{"self":[{"href":"https:\/\/www.diarioimagen.net\/index.php?rest_route=\/wp\/v2\/posts\/635130","targetHints":{"allow":["GET"]}}],"collection":[{"href":"https:\/\/www.diarioimagen.net\/index.php?rest_route=\/wp\/v2\/posts"}],"about":[{"href":"https:\/\/www.diarioimagen.net\/index.php?rest_route=\/wp\/v2\/types\/post"}],"author":[{"embeddable":true,"href":"https:\/\/www.diarioimagen.net\/index.php?rest_route=\/wp\/v2\/users\/3"}],"replies":[{"embeddable":true,"href":"https:\/\/www.diarioimagen.net\/index.php?rest_route=%2Fwp%2Fv2%2Fcomments&post=635130"}],"version-history":[{"count":0,"href":"https:\/\/www.diarioimagen.net\/index.php?rest_route=\/wp\/v2\/posts\/635130\/revisions"}],"wp:featuredmedia":[{"embeddable":true,"href":"https:\/\/www.diarioimagen.net\/index.php?rest_route=\/wp\/v2\/media\/635186"}],"wp:attachment":[{"href":"https:\/\/www.diarioimagen.net\/index.php?rest_route=%2Fwp%2Fv2%2Fmedia&parent=635130"}],"wp:term":[{"taxonomy":"category","embeddable":true,"href":"https:\/\/www.diarioimagen.net\/index.php?rest_route=%2Fwp%2Fv2%2Fcategories&post=635130"},{"taxonomy":"post_tag","embeddable":true,"href":"https:\/\/www.diarioimagen.net\/index.php?rest_route=%2Fwp%2Fv2%2Ftags&post=635130"}],"curies":[{"name":"wp","href":"https:\/\/api.w.org\/{rel}","templated":true}]}}