{"id":635132,"date":"2024-09-30T00:04:01","date_gmt":"2024-09-30T06:04:01","guid":{"rendered":"https:\/\/www.diarioimagen.net\/?p=635132"},"modified":"2024-09-30T00:26:48","modified_gmt":"2024-09-30T06:26:48","slug":"la-alcaldesa-karla-fiesco-garcia-premia-el-esfuerzo-de-los-jovenes","status":"publish","type":"post","link":"https:\/\/www.diarioimagen.net\/?p=635132","title":{"rendered":"La alcaldesa Karla Fiesco Garc\u00eda premia el esfuerzo de los j\u00f3venes"},"content":{"rendered":"<p>&nbsp;<\/p>\n<p><a href=\"https:\/\/www.diarioimagen.net\/?attachment_id=635188\" rel=\"attachment wp-att-635188\"><img loading=\"lazy\" decoding=\"async\" class=\"aligncenter size-full wp-image-635188\" src=\"https:\/\/www.diarioimagen.net\/wp-content\/uploads\/2024\/09\/la-alcaldesa-karla.jpg\" alt=\"\" width=\"460\" height=\"270\" srcset=\"https:\/\/www.diarioimagen.net\/wp-content\/uploads\/2024\/09\/la-alcaldesa-karla.jpg 460w, https:\/\/www.diarioimagen.net\/wp-content\/uploads\/2024\/09\/la-alcaldesa-karla-240x141.jpg 240w\" sizes=\"auto, (max-width: 460px) 100vw, 460px\" \/><\/a><\/p>\n<p>&nbsp;<\/p>\n<p><strong>Cuautitl\u00e1n Izcalli, Estado de M\u00e9xico.\u2014 <\/strong>En un ambiente de alegr\u00eda y orgullo, la presidenta municipal Karla Fiesco Garc\u00eda, junto con la directora del Instituto Municipal de la Juventud (IMJUCI), Alexa Garc\u00eda Castro celebraron los Premios Juventud 2024 en el \u201cMagic Time Circus\u201d en el pueblo de Santiago Tepalcapa, donde 12 j\u00f3venes fueron premiados por su gran talento, trabajo y esfuerzo, que ponen en alto al municipio de Cuautitl\u00e1n Izcalli.<\/p>\n<p>La alcaldesa destac\u00f3 la importancia de celebrar a la juventud, reconoci\u00f3 a todas y todos los cientos de j\u00f3venes que inscribieron sus proyectos, que son ejemplo de talento, constancia, esfuerzo y capacidad, aquellas y aquellos que con pasi\u00f3n y mucha disciplina hoy logran destacar entre las juventudes y se convierten en inspiraci\u00f3n de miles m\u00e1s, para demostrar que los anhelos son el principio de la realidad.<\/p>\n","protected":false},"excerpt":{"rendered":"<p>En un ambiente de alegr\u00eda y orgullo, la presidenta municipal Karla Fiesco Garc\u00eda, junto con la directora del Instituto Municipal de la Juventud (IMJUCI), Alexa Garc\u00eda Castro celebraron los Premios Juventud 2024 en el \u201cMagic Time Circus\u201d en el pueblo de Santiago Tepalcapa, donde 12 j\u00f3venes fueron premiados por su gran talento, trabajo y esfuerzo, que ponen en alto al municipio de Cuautitl\u00e1n Izcalli.<\/p>\n","protected":false},"author":3,"featured_media":635188,"comment_status":"open","ping_status":"open","sticky":false,"template":"","format":"standard","meta":{"_monsterinsights_skip_tracking":false,"_monsterinsights_sitenote_active":false,"_monsterinsights_sitenote_note":"","_monsterinsights_sitenote_category":0,"footnotes":""},"categories":[5],"tags":[87278,260,93011],"class_list":["post-635132","post","type-post","status-publish","format-standard","has-post-thumbnail","hentry","category-estado-de-mexico","tag-instituto-municipal-de-la-juventud","tag-jovenes","tag-karla-fiesco-garcia"],"_links":{"self":[{"href":"https:\/\/www.diarioimagen.net\/index.php?rest_route=\/wp\/v2\/posts\/635132","targetHints":{"allow":["GET"]}}],"collection":[{"href":"https:\/\/www.diarioimagen.net\/index.php?rest_route=\/wp\/v2\/posts"}],"about":[{"href":"https:\/\/www.diarioimagen.net\/index.php?rest_route=\/wp\/v2\/types\/post"}],"author":[{"embeddable":true,"href":"https:\/\/www.diarioimagen.net\/index.php?rest_route=\/wp\/v2\/users\/3"}],"replies":[{"embeddable":true,"href":"https:\/\/www.diarioimagen.net\/index.php?rest_route=%2Fwp%2Fv2%2Fcomments&post=635132"}],"version-history":[{"count":0,"href":"https:\/\/www.diarioimagen.net\/index.php?rest_route=\/wp\/v2\/posts\/635132\/revisions"}],"wp:featuredmedia":[{"embeddable":true,"href":"https:\/\/www.diarioimagen.net\/index.php?rest_route=\/wp\/v2\/media\/635188"}],"wp:attachment":[{"href":"https:\/\/www.diarioimagen.net\/index.php?rest_route=%2Fwp%2Fv2%2Fmedia&parent=635132"}],"wp:term":[{"taxonomy":"category","embeddable":true,"href":"https:\/\/www.diarioimagen.net\/index.php?rest_route=%2Fwp%2Fv2%2Fcategories&post=635132"},{"taxonomy":"post_tag","embeddable":true,"href":"https:\/\/www.diarioimagen.net\/index.php?rest_route=%2Fwp%2Fv2%2Ftags&post=635132"}],"curies":[{"name":"wp","href":"https:\/\/api.w.org\/{rel}","templated":true}]}}