{"id":635219,"date":"2024-09-30T00:03:04","date_gmt":"2024-09-30T06:03:04","guid":{"rendered":"https:\/\/www.diarioimagen.net\/?p=635219"},"modified":"2024-09-30T00:43:46","modified_gmt":"2024-09-30T06:43:46","slug":"mananeras-seis-anos-mas-invitados","status":"publish","type":"post","link":"https:\/\/www.diarioimagen.net\/?p=635219","title":{"rendered":"Ma\u00f1aneras\u00a0seis\u00a0a\u00f1os\u00a0m\u00e1s. Invitados"},"content":{"rendered":"<h2>Espacio Electoral<\/h2>\n<h5>Eleazar Flores<\/h5>\n<p>&nbsp;<\/p>\n<p><strong>CON ROSTRO DE MUJER-.<\/strong> Ni se diga enga\u00f1ado\u2014a, pues la primera comandanta de nuestras gloriosas fuerzas armadas lo anunci\u00f3 a tiempo, LAS MA\u00d1ANERAS SEGUIR\u00c1N, seguramente para darle tiempo a <em>LORD MOL\u00c9CULA<\/em> a finiquitar y aclarar lo relacionado a la titulaci\u00f3n de su certificado de estudios en la prestigiada escuela de periodismo CARLOS SEPTI\u00c9N GARC\u00cdA.<\/p>\n<p>Pasada la frivolidad inicial, los N\u00daMEROS DUROS de las pol\u00edticamente redituables ma\u00f1aneras \u2014para el autor de las mismas, no m\u00e1s, procede darlos a conocer, pues aun cuando sigan otros seis a\u00f1os m\u00e1s, ya tendr\u00e1n ROSTRO DE MUJER, pero en cuanto a estilo y contenidos, pudiera resultar M\u00c1S DE LO MISMO, pero deseo fervientemente equivocarme. Por ejemplo \u00bfhabr\u00e1n OTROS DATOS?<\/p>\n<p>Usted, que obtuvo diez en matem\u00e1ticas, sume el tiempo de duraci\u00f3n de las ma\u00f1aneras que en promedio, tuvieron 2.5 horas de difusi\u00f3n cada una, y en busca de una mayor precisi\u00f3n, agregue que dichas ma\u00f1aneras se difundieron simult\u00e1neamente en los canales 11, 14 y 22. Costar\u00e1 trabajo, pero s\u00ed alcanzar\u00e1n los n\u00fameros para lograr el TOTAL.<\/p>\n<p>Entre par\u00e9ntesis, la ma\u00f1anera m\u00e1s prolongada dur\u00f3 \u201cAPENAS\u201d tres horas 35 minutos, nom\u00e1s.<\/p>\n<p>Adem\u00e1s, a\u00f1adir los programas OFICIALISTAS de Jenaro Villamil y los caricaturistas\u2014 \u00fanicos de medios electr\u00f3nicos que entrevistaron a AMLO\u2014 y periodistas participantes con contenidos pro cuatroteros como \u201cme canso ganso\u201d y \u2026 le paro, pues no acabar\u00eda.<\/p>\n<p><strong>N\u00daMEROS-.<\/strong> Se registran 1,438 ma\u00f1aneras de principio a fin del sexenio de cinco a\u00f1os diez meses, si dura todo el per\u00edodo aumentar\u00edan seguramente. \u00c1ngulos que no se consignan es el poner de MODA las palabras FIF\u00cdS y CHAIROS, sin olvidar los de CONSERVADORES y NEOLIBERALES, ya de uso anterior, pero en este sexenio el tabasque\u00f1o las tuvo de USO FRECUENTE.<\/p>\n<p>De los \u201cPERIODISTAS AMIGOS\u201d, que tampoco se consignan en un apartado, destaca CARLOS LORET DE MOLA, H\u00c9CTOR AGUILAR CAM\u00cdN, ENRIQUE KRAUZE y, en menores citas, V\u00edctor Trujillo en su personaje de <em>Brozo<\/em>. Por cierto, el DUETO <em>Brozo<\/em>-Loret le hace en las benditas redes una \u201cCORDIAL\u201d DESPEDIDA al presidente Andr\u00e9s Manuel L\u00f3pez Obrador y en LATINUS hay un amplio reportaje de \u201cLA CHINGADA\u201d, remodelada que casi es irreconocible, rodeada de servicios nunca vistos ah\u00ed.<\/p>\n<p><strong>INVITADOS-.<\/strong> A la toma de posici\u00f3n de la presidenta Claudia Sheinbaum Pardo, el primero en llegar, ayer muy temprano, fue el presidente de Cuba Miguel D\u00edaz-Canel Berm\u00fadez, seguramente para tener tiempo de informar el apoyo que por instrucciones de L\u00f3pez Obrador, ha recibido la isla en hidrocarburos y el importe, que en d\u00f3lares suman millones en los \u00faltimos a\u00f1os.<\/p>\n<p>La llegada del brasile\u00f1o Luiz In\u00e1cio Lula da Silva estaba programada para ayer noche y en cuanto al colombiano Gustavo Petro parece ser que se retras\u00f3.<\/p>\n<p>De todos modos, por preparativos Morena no para, si duda vea el blindaje de Palacio Nacional.<\/p>\n<p><em><a href=\"mailto:elefa44@gmail.com\" target=\"_blank\" rel=\"noopener noreferrer\">elefa44@gmail.com<\/a><\/em><\/p>\n","protected":false},"excerpt":{"rendered":"<p><span style=\"color: #005497;\"><strong>Eleazar Flores<\/strong><\/span><\/p>\n","protected":false},"author":3,"featured_media":0,"comment_status":"open","ping_status":"open","sticky":false,"template":"","format":"standard","meta":{"_monsterinsights_skip_tracking":false,"_monsterinsights_sitenote_active":false,"_monsterinsights_sitenote_note":"","_monsterinsights_sitenote_category":0,"footnotes":""},"categories":[81743],"tags":[83538,98769,43674],"class_list":["post-635219","post","type-post","status-publish","format-standard","hentry","category-eleazar-flores","tag-espacio-electora","tag-l-eleazar-flores","tag-opinion"],"_links":{"self":[{"href":"https:\/\/www.diarioimagen.net\/index.php?rest_route=\/wp\/v2\/posts\/635219","targetHints":{"allow":["GET"]}}],"collection":[{"href":"https:\/\/www.diarioimagen.net\/index.php?rest_route=\/wp\/v2\/posts"}],"about":[{"href":"https:\/\/www.diarioimagen.net\/index.php?rest_route=\/wp\/v2\/types\/post"}],"author":[{"embeddable":true,"href":"https:\/\/www.diarioimagen.net\/index.php?rest_route=\/wp\/v2\/users\/3"}],"replies":[{"embeddable":true,"href":"https:\/\/www.diarioimagen.net\/index.php?rest_route=%2Fwp%2Fv2%2Fcomments&post=635219"}],"version-history":[{"count":0,"href":"https:\/\/www.diarioimagen.net\/index.php?rest_route=\/wp\/v2\/posts\/635219\/revisions"}],"wp:attachment":[{"href":"https:\/\/www.diarioimagen.net\/index.php?rest_route=%2Fwp%2Fv2%2Fmedia&parent=635219"}],"wp:term":[{"taxonomy":"category","embeddable":true,"href":"https:\/\/www.diarioimagen.net\/index.php?rest_route=%2Fwp%2Fv2%2Fcategories&post=635219"},{"taxonomy":"post_tag","embeddable":true,"href":"https:\/\/www.diarioimagen.net\/index.php?rest_route=%2Fwp%2Fv2%2Ftags&post=635219"}],"curies":[{"name":"wp","href":"https:\/\/api.w.org\/{rel}","templated":true}]}}