{"id":635270,"date":"2024-10-01T00:02:17","date_gmt":"2024-10-01T06:02:17","guid":{"rendered":"https:\/\/www.diarioimagen.net\/?p=635270"},"modified":"2024-10-01T22:11:36","modified_gmt":"2024-10-02T04:11:36","slug":"cancer-de-piel-problema-de-salud-publica-en-mexico","status":"publish","type":"post","link":"https:\/\/www.diarioimagen.net\/?p=635270","title":{"rendered":"C\u00e1ncer de piel, problema de salud p\u00fablica en M\u00e9xico"},"content":{"rendered":"<p>&nbsp;<\/p>\n<ul>\n<li><strong><em>Ocho de cada 10 mexicanos tienen problemas dermatol\u00f3gicos<\/em><\/strong><\/li>\n<li><strong><em>AC Marca, grupo espa\u00f1ol, introduce la l\u00ednea Lactourea para la reparaci\u00f3n y cuidado integral de la piel<\/em><\/strong><\/li>\n<\/ul>\n<p>&nbsp;<\/p>\n<div id=\"attachment_635371\" style=\"width: 470px\" class=\"wp-caption aligncenter\"><a href=\"https:\/\/www.diarioimagen.net\/?attachment_id=635371\" rel=\"attachment wp-att-635371\"><img loading=\"lazy\" decoding=\"async\" aria-describedby=\"caption-attachment-635371\" class=\"wp-image-635371 size-full\" src=\"https:\/\/www.diarioimagen.net\/wp-content\/uploads\/2024\/10\/cancer-de-piel.jpg\" alt=\"\" width=\"460\" height=\"270\" srcset=\"https:\/\/www.diarioimagen.net\/wp-content\/uploads\/2024\/10\/cancer-de-piel.jpg 460w, https:\/\/www.diarioimagen.net\/wp-content\/uploads\/2024\/10\/cancer-de-piel-240x141.jpg 240w\" sizes=\"auto, (max-width: 460px) 100vw, 460px\" \/><\/a><p id=\"caption-attachment-635371\" class=\"wp-caption-text\">El 80 por ciento de los mexicanos tiene problemas dermatol\u00f3gicos como el c\u00e1ncer de piel.<\/p><\/div>\n<p>&nbsp;<\/p>\n<p>La doctora Rossana Janina Llergo Valdez revel\u00f3 que el mexicano no tiene h\u00e1bitos para el cuidado de la piel, lo que provoca, entre otros factores, que m\u00e1s del 80 por ciento de la poblaci\u00f3n manifieste trastornos dermatol\u00f3gicos, dentro de los que destaca el c\u00e1ncer de piel, problema de salud p\u00fablica que est\u00e1 subdiagnosticado, lo que impide contar con estad\u00edsticas exactas que dimensionen la gravedad de este tipo de c\u00e1ncer.<\/p>\n<p>La dermat\u00f3loga y miembro de la Fundaci\u00f3n Mexicana para la Dermatolog\u00eda A. C. advirti\u00f3 que hay un retraso en el diagn\u00f3stico oportuno de la enfermedad por automedicaci\u00f3n, lo costoso de los productos dermatol\u00f3gicos vs situaci\u00f3n econ\u00f3mica del paciente y la falta de especialistas en el sistema de salud p\u00fablica ante una mayor demanda, por lo que las asociaciones privadas son quienes atienden el problema hasta donde alcanza su capacidad.<\/p>\n<p>La especialista Llergo Valdez inform\u00f3 que al c\u00e1ncer de piel se suman otros trastornos como las enfermedades inflamatorias o dermatitis at\u00f3pica, padecimiento cr\u00f3nico en los ni\u00f1os; melasma o pa\u00f1o y las verrugas. Esta sintomatolog\u00eda afecta a m\u00e1s del 80 por ciento de los mexicanos, por lo que recomend\u00f3 no automedicarse y recurrir a un dermat\u00f3logo. Adem\u00e1s, se debe humectar la piel de manera integral, tomar agua, cuidar lo que se come, evitar el sobrepeso y la obesidad. Frente al da\u00f1o que provoca la exposici\u00f3n al sol, sugiri\u00f3 cambiar los estilos de vida y mantener el cuidado hol\u00edstico de la piel.<\/p>\n<p>Para coadyuvar al cuidado integral de la piel, el grupo espa\u00f1ol AC Marca M\u00e9xico, creador de la crema LACTOVIT -leche y vitaminas-, anunci\u00f3 la introducci\u00f3n al mercado de su nuevo producto -resultado de investigaciones cient\u00edficas propias y en proceso de patente-,\u00a0 Lactourea, gel corporal y loci\u00f3n crema reparadora que ofrecen cuidado dermatol\u00f3gico integral mediante la combinaci\u00f3n de los beneficios de la leche de vaca (Lactato) y las propiedades de la Urea, ingrediente reconocido por su acci\u00f3n hidratante y reparadora. Los productos que contienen Lactato y Urea previenen los s\u00edntomas de la piel seca\/extraseca por su alto poder hidratante.<\/p>\n<p>El director general de AC Marca M\u00e9xico (filial del grupo espa\u00f1ol AC Marca), Fernando Brizuela Eiras, hizo el anuncio de la nueva l\u00ednea de productos que se encuentran en supermercados y farmacias y record\u00f3 que Lactovit representa 20 a\u00f1os de experiencia y pone la leche al servicio de la piel, la nutre a trav\u00e9s de prote\u00ednas y calcio, lo que proporciona hidrataci\u00f3n instant\u00e1nea, repara la barrera cut\u00e1nea y da cohesi\u00f3n a la piel.<\/p>\n<p>Lactovit tiene 12 a\u00f1os en M\u00e9xico, pero AC Marca lleg\u00f3 hace 28 a\u00f1os al pa\u00eds y esta centenaria firma ib\u00e9rica maneja 30 marcas en 60 naciones y emplea a m\u00e1s de mil personas.<\/p>\n<p><strong>\u00a0<\/strong><\/p>\n<blockquote><p><strong>El director general de AC Marca M\u00e9xico (filial del grupo espa\u00f1ol AC Marca), Fernando Brizuela Eiras, hizo el anuncio de la nueva l\u00ednea de productos que se encuentran en supermercados y farmacias y record\u00f3 que Lactovit representa 20 a\u00f1os de experiencia y pone la leche al servicio de la piel, la nutre a trav\u00e9s de prote\u00ednas y calcio, lo que proporciona hidrataci\u00f3n instant\u00e1nea, repara la barrera cut\u00e1nea y da cohesi\u00f3n a la piel<\/strong><\/p><\/blockquote>\n","protected":false},"excerpt":{"rendered":"<p>La doctora Rossana Janina Llergo Valdez revel\u00f3 que el mexicano no tiene h\u00e1bitos para el cuidado de la piel, lo que provoca, entre otros factores, que m\u00e1s del 80 por ciento de la poblaci\u00f3n manifieste trastornos dermatol\u00f3gicos, dentro de los que destaca el c\u00e1ncer de piel, problema de salud p\u00fablica que est\u00e1 subdiagnosticado, lo que impide contar con estad\u00edsticas exactas que dimensionen la gravedad de este tipo de c\u00e1ncer.<\/p>\n","protected":false},"author":3,"featured_media":635371,"comment_status":"open","ping_status":"open","sticky":false,"template":"","format":"standard","meta":{"_monsterinsights_skip_tracking":false,"_monsterinsights_sitenote_active":false,"_monsterinsights_sitenote_note":"","_monsterinsights_sitenote_category":0,"footnotes":""},"categories":[17,877],"tags":[10975,16276],"class_list":["post-635270","post","type-post","status-publish","format-standard","has-post-thumbnail","hentry","category-especiales","category-salud","tag-cancer-de-piel","tag-salud-publica"],"_links":{"self":[{"href":"https:\/\/www.diarioimagen.net\/index.php?rest_route=\/wp\/v2\/posts\/635270","targetHints":{"allow":["GET"]}}],"collection":[{"href":"https:\/\/www.diarioimagen.net\/index.php?rest_route=\/wp\/v2\/posts"}],"about":[{"href":"https:\/\/www.diarioimagen.net\/index.php?rest_route=\/wp\/v2\/types\/post"}],"author":[{"embeddable":true,"href":"https:\/\/www.diarioimagen.net\/index.php?rest_route=\/wp\/v2\/users\/3"}],"replies":[{"embeddable":true,"href":"https:\/\/www.diarioimagen.net\/index.php?rest_route=%2Fwp%2Fv2%2Fcomments&post=635270"}],"version-history":[{"count":0,"href":"https:\/\/www.diarioimagen.net\/index.php?rest_route=\/wp\/v2\/posts\/635270\/revisions"}],"wp:featuredmedia":[{"embeddable":true,"href":"https:\/\/www.diarioimagen.net\/index.php?rest_route=\/wp\/v2\/media\/635371"}],"wp:attachment":[{"href":"https:\/\/www.diarioimagen.net\/index.php?rest_route=%2Fwp%2Fv2%2Fmedia&parent=635270"}],"wp:term":[{"taxonomy":"category","embeddable":true,"href":"https:\/\/www.diarioimagen.net\/index.php?rest_route=%2Fwp%2Fv2%2Fcategories&post=635270"},{"taxonomy":"post_tag","embeddable":true,"href":"https:\/\/www.diarioimagen.net\/index.php?rest_route=%2Fwp%2Fv2%2Ftags&post=635270"}],"curies":[{"name":"wp","href":"https:\/\/api.w.org\/{rel}","templated":true}]}}