{"id":635284,"date":"2024-10-01T00:01:56","date_gmt":"2024-10-01T06:01:56","guid":{"rendered":"https:\/\/www.diarioimagen.net\/?p=635284"},"modified":"2024-10-01T01:23:14","modified_gmt":"2024-10-01T07:23:14","slug":"vigilancia-por-cuadrantes-ha-dado-resultados-en-atizapan-de-zaragoza","status":"publish","type":"post","link":"https:\/\/www.diarioimagen.net\/?p=635284","title":{"rendered":"Vigilancia por cuadrantes ha dado resultados en Atizap\u00e1n de Zaragoza"},"content":{"rendered":"<p>&nbsp;<\/p>\n<ul>\n<li><strong><em>Habla Fabi\u00e1n G\u00f3mez Calc\u00e1neo<\/em><\/strong><\/li>\n<\/ul>\n<p><strong>\u00a0<\/strong><\/p>\n<h6>Arturo Baena<\/h6>\n<p>&nbsp;<\/p>\n<div id=\"attachment_635393\" style=\"width: 470px\" class=\"wp-caption aligncenter\"><a href=\"https:\/\/www.diarioimagen.net\/?attachment_id=635393\" rel=\"attachment wp-att-635393\"><img loading=\"lazy\" decoding=\"async\" aria-describedby=\"caption-attachment-635393\" class=\"size-full wp-image-635393\" src=\"https:\/\/www.diarioimagen.net\/wp-content\/uploads\/2024\/10\/vigilancia-por-cuadrantes.jpg\" alt=\"\" width=\"460\" height=\"270\" srcset=\"https:\/\/www.diarioimagen.net\/wp-content\/uploads\/2024\/10\/vigilancia-por-cuadrantes.jpg 460w, https:\/\/www.diarioimagen.net\/wp-content\/uploads\/2024\/10\/vigilancia-por-cuadrantes-240x141.jpg 240w\" sizes=\"auto, (max-width: 460px) 100vw, 460px\" \/><\/a><p id=\"caption-attachment-635393\" class=\"wp-caption-text\">El titular de Seguridad P\u00fablica y Tr\u00e1nsito de Atizap\u00e1n de Zaragoza, Fabi\u00e1n G\u00f3mez Calc\u00e1neo, reafirma el compromiso del alcalde Pedro Rodriguez en favor de los atizapenses, en materia de seguridad.<\/p><\/div>\n<p>&nbsp;<\/p>\n<p><strong>Atizap\u00e1n de Zaragoza, Estado de M\u00e9xico.\u2014<\/strong> La\u00a0 estrategia del Plan Municipal de Vigilancia por Cuadrantes, implementado por esa Comisar\u00eda, ha contribuido para concretar una corporaci\u00f3n s\u00f3lida,\u00a0 que trabaja para resguardar la integridad de las familias y sus bienes en todas las regiones de la alcald\u00eda y que le ha valido varios reconocimientos.<\/p>\n<p>El titular de Seguridad P\u00fablica y Tr\u00e1nsito de esta localidad, Fabi\u00e1n G\u00f3mez Calc\u00e1neo, habla claro en entrevista y reafirma el compromiso del alcalde Pedro Rodriguez en favor de los atizapenses.<\/p>\n<p>\u201cCuando llegamos, se cambi\u00f3 la estrategia con relaci\u00f3n a la seguridad. Cambiamos la forma de operar la seguridad p\u00fablica, despu\u00e9s de ser uno de los 5 municipios m\u00e1s inseguros del Estado, hoy somos la alcald\u00eda que es\u00a0 considerada como la de mejor percepci\u00f3n de seguridad de todo el Estado de M\u00e9xico\u201d, dijo. Fabi\u00e1n G\u00f3mez record\u00f3 que hasta el momento, 400 elementos de seguridad p\u00fablica y tr\u00e1nsito, ha sido dados de baja en lo que va de esta administraci\u00f3n y en algunos de los casos, el motivo fue por actos de corrupci\u00f3n y en otras bajas voluntarias de la corporaci\u00f3n por diversas causas, lo que ha permitido ir renovando al personal.<\/p>\n<p>Refiri\u00f3 que cuando lleg\u00f3 al municipio s\u00f3lo contaban con 70 patrullas, hoy hay m\u00e1s de 260 patrullas recorriendo Atizap\u00e1n, lo que ha permitido que hoy las familias puedan salir a las calles del municipio con cierta confianza.<\/p>\n<p>Dijo que adem\u00e1s el gobierno municipal ha contribuido con la construcci\u00f3n de infraestructura como el puente en el norte del municipio lo que ha beneficiado a una gran cantidad de habitantes, parte de este puente es que no es una construcci\u00f3n aislada, sino que es una construcci\u00f3n integral para beneficiar a toda la comunidad.<\/p>\n<p>\u201cNo solamente genera mejoras viales, sino tambi\u00e9n mejoras en las condiciones de convivencia y de seguridad porque ha incorporado en el bajo puente este nuevo m\u00f3dulo de polic\u00eda\u201d, dijo G\u00f3mez Calc\u00e1neo.<\/p>\n","protected":false},"excerpt":{"rendered":"<p>La\u00a0 estrategia del Plan Municipal de Vigilancia por Cuadrantes, implementado por esa Comisar\u00eda, ha contribuido para concretar una corporaci\u00f3n s\u00f3lida,\u00a0 que trabaja para resguardar la integridad de las familias y sus bienes en todas las regiones de la alcald\u00eda y que le ha valido varios reconocimientos.<\/p>\n","protected":false},"author":3,"featured_media":635393,"comment_status":"open","ping_status":"open","sticky":false,"template":"","format":"standard","meta":{"_monsterinsights_skip_tracking":false,"_monsterinsights_sitenote_active":false,"_monsterinsights_sitenote_note":"","_monsterinsights_sitenote_category":0,"footnotes":""},"categories":[5],"tags":[3561,43675,94676],"class_list":["post-635284","post","type-post","status-publish","format-standard","has-post-thumbnail","hentry","category-estado-de-mexico","tag-atizapan-de-zaragoza","tag-estado-de-mexico","tag-fabian-gomez-calcaneo"],"_links":{"self":[{"href":"https:\/\/www.diarioimagen.net\/index.php?rest_route=\/wp\/v2\/posts\/635284","targetHints":{"allow":["GET"]}}],"collection":[{"href":"https:\/\/www.diarioimagen.net\/index.php?rest_route=\/wp\/v2\/posts"}],"about":[{"href":"https:\/\/www.diarioimagen.net\/index.php?rest_route=\/wp\/v2\/types\/post"}],"author":[{"embeddable":true,"href":"https:\/\/www.diarioimagen.net\/index.php?rest_route=\/wp\/v2\/users\/3"}],"replies":[{"embeddable":true,"href":"https:\/\/www.diarioimagen.net\/index.php?rest_route=%2Fwp%2Fv2%2Fcomments&post=635284"}],"version-history":[{"count":0,"href":"https:\/\/www.diarioimagen.net\/index.php?rest_route=\/wp\/v2\/posts\/635284\/revisions"}],"wp:featuredmedia":[{"embeddable":true,"href":"https:\/\/www.diarioimagen.net\/index.php?rest_route=\/wp\/v2\/media\/635393"}],"wp:attachment":[{"href":"https:\/\/www.diarioimagen.net\/index.php?rest_route=%2Fwp%2Fv2%2Fmedia&parent=635284"}],"wp:term":[{"taxonomy":"category","embeddable":true,"href":"https:\/\/www.diarioimagen.net\/index.php?rest_route=%2Fwp%2Fv2%2Fcategories&post=635284"},{"taxonomy":"post_tag","embeddable":true,"href":"https:\/\/www.diarioimagen.net\/index.php?rest_route=%2Fwp%2Fv2%2Ftags&post=635284"}],"curies":[{"name":"wp","href":"https:\/\/api.w.org\/{rel}","templated":true}]}}