{"id":635287,"date":"2024-10-01T00:01:30","date_gmt":"2024-10-01T06:01:30","guid":{"rendered":"https:\/\/www.diarioimagen.net\/?p=635287"},"modified":"2024-10-01T01:40:14","modified_gmt":"2024-10-01T07:40:14","slug":"cultura-y-las-artes-enriquecen-nuestras-vidas-ursula-cortes-fernandez","status":"publish","type":"post","link":"https:\/\/www.diarioimagen.net\/?p=635287","title":{"rendered":"Cultura y las artes enriquecen nuestras vidas: \u00darsula\u00a0Cort\u00e9s Fern\u00e1ndez"},"content":{"rendered":"<p>&nbsp;<\/p>\n<ul>\n<li><strong><em>Destaca labor de colectivos<\/em> <\/strong><\/li>\n<\/ul>\n<p><strong>\u00a0<\/strong><\/p>\n<h6>Arturo Baena<\/h6>\n<p>&nbsp;<\/p>\n<div id=\"attachment_635395\" style=\"width: 470px\" class=\"wp-caption aligncenter\"><a href=\"https:\/\/www.diarioimagen.net\/?attachment_id=635395\" rel=\"attachment wp-att-635395\"><img loading=\"lazy\" decoding=\"async\" aria-describedby=\"caption-attachment-635395\" class=\"size-full wp-image-635395\" src=\"https:\/\/www.diarioimagen.net\/wp-content\/uploads\/2024\/10\/cultura-y-artes-enriquecen.jpg\" alt=\"\" width=\"460\" height=\"270\" srcset=\"https:\/\/www.diarioimagen.net\/wp-content\/uploads\/2024\/10\/cultura-y-artes-enriquecen.jpg 460w, https:\/\/www.diarioimagen.net\/wp-content\/uploads\/2024\/10\/cultura-y-artes-enriquecen-240x141.jpg 240w\" sizes=\"auto, (max-width: 460px) 100vw, 460px\" \/><\/a><p id=\"caption-attachment-635395\" class=\"wp-caption-text\">La regidora panista \u00darsula Cort\u00e9s Fern\u00e1ndez, reconoci\u00f3 la labor de\u00a0los colectivos \u201cDifusi\u00f3n Cultural Naucalpan\u201d y el c\u00edrculo literario \u201cLuz y Palabra\u201d, dirigidos por los maestros Aurelio Roa y\u00a0 Rafael Fausto, respectivamente.<\/p><\/div>\n<p>&nbsp;<\/p>\n<p><strong>Naucalpan, Estado de M\u00e9xico.\u2014<\/strong> Es necesario reconocer y aplaudir la invaluable contribuci\u00f3n a la cultura y el arte en nuestra querida comunidad, de colectivos como lo son \u201cDifusi\u00f3n Cultural Naucalpan\u201d y el c\u00edrculo literario \u201cLuz y Palabra\u201d dirigidos por los maestros Aurelio Roa y\u00a0 Rafael Fausto, respectivamente, pues su trabajo enriquece nuestras vidas a trav\u00e9s de la literatura.<\/p>\n<p>As\u00ed lo expres\u00f3 \u00darsula Cort\u00e9s Fern\u00e1ndez, regidora del PAN en esta municipalidad, al tiempo de se\u00f1alar que cada palabra que han escrito, cada historia que han contado, y cada verso que han creado, refleja un amor genuino por nuestra tierra y su gente.<\/p>\n<p>Record\u00f3 que \u201chan logrado capturar la esencia de Naucalpan, sus tradiciones y su esp\u00edritu, y a trav\u00e9s de sus obras, nos han unido y nos han inspirado a so\u00f1ar y a seguir explorando nuestras ra\u00edces\u201d, dijo.<\/p>\n<p>\u00darsula Cort\u00e9s agradeci\u00f3 su dedicaci\u00f3n y esfuerzo. \u201cUstedes son agentes de cambio, sembradores de ideas y promotores de la cultura que nos rodea. Su pasi\u00f3n no solo enriquece la escena literaria, sino que fortalece el tejido social de nuestra comunidad\u201d, se\u00f1al\u00f3.<\/p>\n<p>Asimismo, puntualiz\u00f3 que \u201csigan compartiendo su talento y su amor por Naucalpan. Juntos, sigamos construyendo un futuro donde la cultura y la literatura florezcan y sigan siendo un pilar fundamental de nuestra identidad. Aqu\u00ed nos acompa\u00f1an \u00c1ngel Luna, Dan Spinozza, Mart\u00edn Hurtado, Roselia Mandujano, Oscar Gonz\u00e1lez, Rafael Frausto, Leodan Morales, Mario Mungu\u00eda, Aurelio Roa, destac\u00f3.<\/p>\n<p>Por otra parte, invit\u00f3 a\u00a0 la poblaci\u00f3n a visitar la exposici\u00f3n de los\u00a0 talentosos escritores, denominada,\u00a0 \u201cNaucalpan desde las letras\u201d, en la que se suman tambi\u00e9n colectivos como Colectivo Art\u00edstico Cultural y Alianza A.C; adem\u00e1s del Fondo de Cultura Econ\u00f3mica.<\/p>\n","protected":false},"excerpt":{"rendered":"<p>Es necesario reconocer y aplaudir la invaluable contribuci\u00f3n a la cultura y el arte en nuestra querida comunidad, de colectivos como lo son \u201cDifusi\u00f3n Cultural Naucalpan\u201d y el c\u00edrculo literario \u201cLuz y Palabra\u201d dirigidos por los maestros Aurelio Roa y\u00a0 Rafael Fausto, respectivamente, pues su trabajo enriquece nuestras vidas a trav\u00e9s de la literatura.<\/p>\n","protected":false},"author":3,"featured_media":635395,"comment_status":"open","ping_status":"open","sticky":false,"template":"","format":"standard","meta":{"_monsterinsights_skip_tracking":false,"_monsterinsights_sitenote_active":false,"_monsterinsights_sitenote_note":"","_monsterinsights_sitenote_category":0,"footnotes":""},"categories":[5],"tags":[95006],"class_list":["post-635287","post","type-post","status-publish","format-standard","has-post-thumbnail","hentry","category-estado-de-mexico","tag-ursula-cortes-fernandez"],"_links":{"self":[{"href":"https:\/\/www.diarioimagen.net\/index.php?rest_route=\/wp\/v2\/posts\/635287","targetHints":{"allow":["GET"]}}],"collection":[{"href":"https:\/\/www.diarioimagen.net\/index.php?rest_route=\/wp\/v2\/posts"}],"about":[{"href":"https:\/\/www.diarioimagen.net\/index.php?rest_route=\/wp\/v2\/types\/post"}],"author":[{"embeddable":true,"href":"https:\/\/www.diarioimagen.net\/index.php?rest_route=\/wp\/v2\/users\/3"}],"replies":[{"embeddable":true,"href":"https:\/\/www.diarioimagen.net\/index.php?rest_route=%2Fwp%2Fv2%2Fcomments&post=635287"}],"version-history":[{"count":0,"href":"https:\/\/www.diarioimagen.net\/index.php?rest_route=\/wp\/v2\/posts\/635287\/revisions"}],"wp:featuredmedia":[{"embeddable":true,"href":"https:\/\/www.diarioimagen.net\/index.php?rest_route=\/wp\/v2\/media\/635395"}],"wp:attachment":[{"href":"https:\/\/www.diarioimagen.net\/index.php?rest_route=%2Fwp%2Fv2%2Fmedia&parent=635287"}],"wp:term":[{"taxonomy":"category","embeddable":true,"href":"https:\/\/www.diarioimagen.net\/index.php?rest_route=%2Fwp%2Fv2%2Fcategories&post=635287"},{"taxonomy":"post_tag","embeddable":true,"href":"https:\/\/www.diarioimagen.net\/index.php?rest_route=%2Fwp%2Fv2%2Ftags&post=635287"}],"curies":[{"name":"wp","href":"https:\/\/api.w.org\/{rel}","templated":true}]}}