{"id":635341,"date":"2024-11-15T00:12:31","date_gmt":"2024-11-15T06:12:31","guid":{"rendered":"https:\/\/www.diarioimagen.net\/?p=635341"},"modified":"2024-11-22T01:14:06","modified_gmt":"2024-11-22T07:14:06","slug":"el-retrato-de-amlo-va-al-pasillo-del-olvido","status":"publish","type":"post","link":"https:\/\/www.diarioimagen.net\/?p=635341","title":{"rendered":"El retrato de AMLO va\u00a0al\u00a0pasillo\u00a0del\u00a0olvido"},"content":{"rendered":"<h2>Tras la puerta del poder<\/h2>\n<h5>Roberto Vizca\u00edno<\/h5>\n<p>&nbsp;<\/p>\n<p style=\"font-weight: 400;\">Antes de abandonar Palacio Nacional, y dejarle libres a <strong>Claudia Sheinbaum<\/strong> las habitaciones que construidas y habilitadas por instrucciones del presidente panista <strong>Felipe Calder\u00f3n<\/strong>, y que fueron remodeladas bajo su mandato para darle cobijo durante su sexenio, el presidente <strong>Andr\u00e9s Manuel L\u00f3pez Obrador<\/strong>encabez\u00f3 dos sencillos eventos finales: un convivio con sus periodistas y colaboradores del \u00e1rea de Comunicaci\u00f3n y la develaci\u00f3n de su retrato al \u00f3leo que quedar\u00e1 en el pasillo de Presidentes, cercano al despacho presidencial en Palacio Nacional.<\/p>\n<p style=\"font-weight: 400;\">Ah\u00ed qued\u00f3 su imagen para hermanarse al final con sus antecesores inmediatos, <strong>Enrique Pe\u00f1a Nieto<\/strong>, <strong>Felipe Calder\u00f3n<\/strong>, <strong>Vicente Fox<\/strong>, <strong>Ernesto Zedillo<\/strong> y <strong>Carlos Salinas<\/strong> a quienes fustig\u00f3 duramente en sus ma\u00f1aneras.<\/p>\n<p style=\"font-weight: 400;\">Ahora ah\u00ed todos son iguales y lo mismo: ex presidentes de M\u00e9xico. Cada uno como quisieron ser recordados.<\/p>\n<p style=\"font-weight: 400;\">As\u00ed, mientras <strong>L\u00f3pez Obrador<\/strong> aparece al \u00f3leo parado en el balc\u00f3n central con su bast\u00f3n de mando y con un Z\u00f3calo a sus espaldas atiborrado de gente, la bandera ondeante y a lo lejos la Torre Latinoamericana, presumiblemente en un atardecer.<\/p>\n<p style=\"font-weight: 400;\">A su lado, en ese pasillo del olvido, est\u00e1n lo retratos de <strong>Pe\u00f1a Nieto<\/strong> en el despacho presidencial, <strong>Felipe Calder\u00f3n<\/strong> junto a un busto de <strong>Jos\u00e9 Mar\u00eda Morelos y Pav\u00f3n<\/strong> y <strong>Vicente Fox<\/strong> en forma casual con una mano en la bolsa de su pantal\u00f3n.<\/p>\n<p style=\"font-weight: 400;\">Igual, un poco m\u00e1s all\u00e1, quedan las im\u00e1genes de <strong>Ernesto Zedillo<\/strong> mirando un tanto distra\u00eddo a trav\u00e9s de una ventana y a su lado el retrato de <strong>Carlos Salinas<\/strong>con la silla presidencial a sus espaldas.<\/p>\n<p style=\"font-weight: 400;\">La galer\u00eda incluye retratos de <strong>Miguel de la Madrid<\/strong> parado y con la banda presidencial al pecho;<strong> Jos\u00e9 L\u00f3pez Portillo<\/strong> y su amigo <strong>Luis Echeverr\u00eda<\/strong> con <strong>Gustavo D\u00edaz Ordaz<\/strong> muy cerca.<\/p>\n<p style=\"font-weight: 400;\">Un listado de personajes que es poco recordado hoy por los mexicanos y que en algunos a\u00f1os sumar\u00e1 en ese olvido al de Macuspana.<\/p>\n<p style=\"font-weight: 400;\">As\u00ed, luego de develar su propio retrato ante sus periodistas, <strong>L\u00f3pez Obrador<\/strong> recibi\u00f3 al grupo de presidentes latinoamericanos que asisten como invitados al evento de sucesi\u00f3n presidencial en que <strong>Claudia Sheinbaum<\/strong>recibi\u00f3 simb\u00f3licamente su banda Presidencial en San L\u00e1zaro de manos de la diputada presidenta <strong>Ifigenia Mart\u00ednez<\/strong>.<\/p>\n<p style=\"font-weight: 400;\">Luego subir\u00eda a redes sociales un comentario:<\/p>\n<p style=\"font-weight: 400;\">\u201cMe reun\u00ed con la presidenta de Honduras, <strong>Xiomara Castro<\/strong>; el primer ministro de Belice, <strong>John Brice\u00f1o<\/strong> y los presidentes de Colombia, <strong>Gustavo Petro<\/strong>; de Brasil, <strong>Luiz In\u00e1cio Lula da Silva<\/strong>; de Cuba, <strong>Miguel D\u00edaz-Canel Berm\u00fadez<\/strong>; de Chile, <strong>Gabriel Boric Font<\/strong> y de Guatemala, <strong>C\u00e9sar Bernardo Ar\u00e9valo de Le\u00f3n<\/strong>\u201d.<\/p>\n<p style=\"font-weight: 400;\">Luego de una comida con ese grupo, <strong>AMLO<\/strong> los llev\u00f3 al pie de la escalinata central de Palacio Nacional que enmarca el mural \u201c<strong>M\u00e9xico de hoy y ma\u00f1ana<\/strong>\u201d de <strong>Diego Rivera.<\/strong><\/p>\n<p style=\"font-weight: 400;\">As\u00ed, hacia las 5 y media de la tarde, sin m\u00e1s eventos por encabezar, <strong>Andr\u00e9s Manuel L\u00f3pez Obrador<\/strong> sali\u00f3 de Palacio Nacional hacia su casa en el sur de la ciudad.<\/p>\n<p style=\"font-weight: 400;\">Por \u00faltima vez la banda de guerra le toc\u00f3 honores con saludo a la bandera y trompetas en una despedida casi sin testigos.<\/p>\n<p style=\"font-weight: 400;\">La escena record\u00f3 el momento en que hace 6 a\u00f1os lleg\u00f3 a Palacio para vivir ah\u00ed. Al igual que entonces sali\u00f3 en un auto blanco entre ovaciones de un grupo de seguidores que se hab\u00edan congregado a la salida de Palacio, en el Z\u00f3calo.<\/p>\n<p style=\"font-weight: 400;\">Su casa es su refugio donde, se afirma, pasar\u00e1 los pr\u00f3ximos d\u00edas antes de retirarse definitivamente a <strong>\u201cLa Chingada\u201d<\/strong>, su hacienda en Palenque, Chiapas.<\/p>\n<p style=\"font-weight: 400;\"><strong>Claudia Sheinbaum <\/strong>ha informa\u00f3 que luego de que tom\u00f3 posesi\u00f3n en San L\u00e1zaro, acudi\u00f3 a por la tarde al Z\u00f3calo donde encabez\u00f3 un acto masivo de bienvenida al cargo con su base popular y donde habl\u00f3 y present\u00f3 sus proyecciones y perspectivas, sus promesas y dio a conocer sus objetivos para luego entrar hacia las 6 de la tarde a sus oficinas y aposentos en Palacio Nacional.<\/p>\n<p style=\"font-weight: 400;\">Al d\u00eda siguiente ten\u00eda proyectado trasladarse a Acapulco donde estuvo al menos los dos siguientes d\u00edas para recorrer las zonas afectadas por el hurac\u00e1n \u201cJohn\u201d y junto con su gabinete analizar la tura para el rescate del centro tur\u00edstico y puerto.<\/p>\n<p style=\"font-weight: 400; text-align: center;\"><strong>Ahora vienen las otras reformas\u2026 y el presupuesto<\/strong><\/p>\n<p style=\"font-weight: 400;\">Una vez cumplido el cambio de poderes, con la presidenta <strong>Sheinbaum<\/strong> en activo en la zona del desastre en Acapulco, los coordinadores de las mayor\u00edas parlamentarias en el Senado \u2014<strong>Ad\u00e1n Augusto L\u00f3pez<\/strong>\u2014 y en San L\u00e1zaro \u2014<strong>Ricardo Monreal<\/strong>\u2014 avanzar\u00e1n en el debate y aprobaci\u00f3n de las siguientes reformas.<\/p>\n<p style=\"font-weight: 400;\">En puerta est\u00e1n la que derivar\u00e1 en la desaparici\u00f3n de siete organismos aut\u00f3nomos, a saber: la <strong>Comisi\u00f3n Federal de Competencia Econ\u00f3mica <\/strong>Cofece que pasar\u00eda a Econom\u00eda; el <strong>Instituto Federal de Telecomunicaciones, el <\/strong>Ifetel, que ir\u00eda a la Secretar\u00eda de Infraestructura, Comunicaciones y Transportes; el <strong>Consejo Nacional de Evaluaci\u00f3n de la Pol\u00edtica de Desarrollo Social<\/strong>, el Coneval que ser\u00eda absorbido por Inegi; la <strong>Comisi\u00f3n Nacional de Hidrocarburos,<\/strong> la CNH y la <strong>Comisi\u00f3n Reguladora de Energ\u00eda<\/strong>, la CRE que ir\u00edan a la Secretar\u00eda de Energ\u00eda.<\/p>\n<p style=\"font-weight: 400;\">El <strong>Sistema Nacional de Mejora Continua de la Educaci\u00f3n va a la <\/strong>SEP; el <strong>INE<\/strong>, pasar\u00e1 a llamarse <strong>Instituto Nacional de Elecciones y Consultas<\/strong> y quedar\u00eda dentro de Gobernaci\u00f3n y el <strong>Instituto Nacional de Transparencia, Acceso a la Informaci\u00f3n y Protecci\u00f3n de Datos Personales,<\/strong> el INAI, pasar\u00eda a la secretar\u00eda de la <strong>Funci\u00f3n P\u00fablica<\/strong>,<\/p>\n<p style=\"font-weight: 400;\">Todo ello y otros se discutir\u00e1n e n las siguientes semanas en el Senado y San L\u00e1zaro.<\/p>\n<p><em><a href=\"https:\/\/twitter.com\/_rvizcaino\" target=\"_blank\" rel=\"noopener noreferrer\">@_RVizcaino<\/a><a href=\"mailto:rvizcainoa@gmail.com\" target=\"_blank\" rel=\"noopener noreferrer\"><br \/>\n<\/a><a href=\"https:\/\/www.facebook.com\/rvizcainoa\" target=\"_blank\" rel=\"noopener noreferrer\">facebook.com\/rvizcainoa<\/a><\/em><\/p>\n","protected":false},"excerpt":{"rendered":"<p><span style=\"color: #005497;\"><strong>Roberto Vizca\u00edno<\/strong><\/span><\/p>\n","protected":false},"author":3,"featured_media":0,"comment_status":"open","ping_status":"open","sticky":false,"template":"","format":"standard","meta":{"_monsterinsights_skip_tracking":false,"_monsterinsights_sitenote_active":false,"_monsterinsights_sitenote_note":"","_monsterinsights_sitenote_category":0,"footnotes":""},"categories":[136],"tags":[43674,93,94],"class_list":["post-635341","post","type-post","status-publish","format-standard","hentry","category-roberto-vizcaino-opinion","tag-opinion","tag-roberto-vizcaino","tag-tras-la-puerta-del-poder"],"_links":{"self":[{"href":"https:\/\/www.diarioimagen.net\/index.php?rest_route=\/wp\/v2\/posts\/635341","targetHints":{"allow":["GET"]}}],"collection":[{"href":"https:\/\/www.diarioimagen.net\/index.php?rest_route=\/wp\/v2\/posts"}],"about":[{"href":"https:\/\/www.diarioimagen.net\/index.php?rest_route=\/wp\/v2\/types\/post"}],"author":[{"embeddable":true,"href":"https:\/\/www.diarioimagen.net\/index.php?rest_route=\/wp\/v2\/users\/3"}],"replies":[{"embeddable":true,"href":"https:\/\/www.diarioimagen.net\/index.php?rest_route=%2Fwp%2Fv2%2Fcomments&post=635341"}],"version-history":[{"count":0,"href":"https:\/\/www.diarioimagen.net\/index.php?rest_route=\/wp\/v2\/posts\/635341\/revisions"}],"wp:attachment":[{"href":"https:\/\/www.diarioimagen.net\/index.php?rest_route=%2Fwp%2Fv2%2Fmedia&parent=635341"}],"wp:term":[{"taxonomy":"category","embeddable":true,"href":"https:\/\/www.diarioimagen.net\/index.php?rest_route=%2Fwp%2Fv2%2Fcategories&post=635341"},{"taxonomy":"post_tag","embeddable":true,"href":"https:\/\/www.diarioimagen.net\/index.php?rest_route=%2Fwp%2Fv2%2Ftags&post=635341"}],"curies":[{"name":"wp","href":"https:\/\/api.w.org\/{rel}","templated":true}]}}