{"id":635452,"date":"2024-10-02T00:01:45","date_gmt":"2024-10-02T06:01:45","guid":{"rendered":"https:\/\/www.diarioimagen.net\/?p=635452"},"modified":"2024-10-02T01:44:21","modified_gmt":"2024-10-02T07:44:21","slug":"respaldo-total-de-panistas-mexiquenses-a-jorge-romero-herrera-para-dirigente-nacional","status":"publish","type":"post","link":"https:\/\/www.diarioimagen.net\/?p=635452","title":{"rendered":"Respaldo total de panistas mexiquenses a Jorge Romero Herrera para dirigente nacional"},"content":{"rendered":"<p>&nbsp;<\/p>\n<ul>\n<li><em><strong>Llama Vargas del Villar a seguir luchando por un M\u00e9xico mejor<\/strong><\/em><\/li>\n<\/ul>\n<p><strong>\u00a0<\/strong><\/p>\n<h6>Arturo Baena<\/h6>\n<p>&nbsp;<\/p>\n<div id=\"attachment_635573\" style=\"width: 470px\" class=\"wp-caption aligncenter\"><a href=\"https:\/\/www.diarioimagen.net\/?attachment_id=635573\" rel=\"attachment wp-att-635573\"><img loading=\"lazy\" decoding=\"async\" aria-describedby=\"caption-attachment-635573\" class=\"size-full wp-image-635573\" src=\"https:\/\/www.diarioimagen.net\/wp-content\/uploads\/2024\/10\/respaldo-total.jpg\" alt=\"\" width=\"460\" height=\"270\" srcset=\"https:\/\/www.diarioimagen.net\/wp-content\/uploads\/2024\/10\/respaldo-total.jpg 460w, https:\/\/www.diarioimagen.net\/wp-content\/uploads\/2024\/10\/respaldo-total-240x141.jpg 240w\" sizes=\"auto, (max-width: 460px) 100vw, 460px\" \/><\/a><p id=\"caption-attachment-635573\" class=\"wp-caption-text\">El senador Enrique Vargas del Villar manifest\u00f3 su respaldo a Jorge Romero, con el fin de continuar\u00a0 luchando por un M\u00e9xico mejor y retomar la doctrina de ese partido pol\u00edtico.<\/p><\/div>\n<p>&nbsp;<\/p>\n<p><strong>Valle de M\u00e9xico.\u2014<\/strong> Presidentes municipales, diputados. Senadores, s\u00edndicos y regidores del PAN, del Estado de M\u00e9xico, manifestaron su respaldo a la candidatura de Jorge Romero Herrera para la dirigencia nacional de ese instituto pol\u00edtico, al considerar que es la propuesta m\u00e1s viable para liderar los esfuerzos en el pa\u00eds, al tener un proyecto que abrir\u00eda el panismo a la ciudadan\u00eda y asegura ser una oposici\u00f3n responsable ante el escenario actual.<\/p>\n<p>En ese sentido, el senador Enrique Vargas del Villar, manifest\u00f3 su respaldo a Jorge Romero, con el fin de continuar luchando por un M\u00e9xico mejor y retomar la doctrina de ese partido pol\u00edtico. En ese sentido, la alcaldesa de Huixquilucan, Romina Contraras, puntualiz\u00f3: \u201cEstoy orgullosa de la militancia panista del Estado de M\u00e9xico, de todas las mujeres que hemos abierto brecha para las generaciones venideras y vamos a apoyar al mejor candidato para presidir el Comit\u00e9 Ejecutivo Nacional, que es Jorge Romero. Un hombre capaz, inteligente y con muy buenas propuestas para Acci\u00f3n Nacional\u201d.<\/p>\n<p>Destac\u00f3 que en 2024 Acci\u00f3n Nacional est\u00e1 cumpliendo 85 a\u00f1os y\u00a0 \u201ctodas somos panistas, trabajamos con todo el coraz\u00f3n y con toda el alma, Jorge, cuenta con todo apoyo de las mujeres del Estado de M\u00e9xico\u201d.<\/p>\n<p>Entre porras y con la presencia de diferentes liderazgos y militantes de Acci\u00f3n Nacional en la entidad, Romina Contreras record\u00f3 que la Comisi\u00f3n Organizadora Nacional de la Elecci\u00f3n del Comit\u00e9 Ejecutivo Nacional (Conecen) aval\u00f3 el registr\u00f3 de la planilla de Jorge Romero en busca de la dirigencia nacional del partido.<\/p>\n<p>Finalmente, los panistas mexiquenses reiteraron su compromiso de trabajar de la mano con las dirigencias estatal y nacional en una sola l\u00ednea, que es M\u00e9xico.<\/p>\n","protected":false},"excerpt":{"rendered":"<p>Presidentes municipales, diputados. Senadores, s\u00edndicos y regidores del PAN, del Estado de M\u00e9xico, manifestaron su respaldo a la candidatura de Jorge Romero Herrera para la dirigencia nacional de ese instituto pol\u00edtico, al considerar que es la propuesta m\u00e1s viable para liderar los esfuerzos en el pa\u00eds, al tener un proyecto que abrir\u00eda el panismo a la ciudadan\u00eda y asegura ser una oposici\u00f3n responsable ante el escenario actual.<\/p>\n","protected":false},"author":3,"featured_media":635573,"comment_status":"open","ping_status":"open","sticky":false,"template":"","format":"standard","meta":{"_monsterinsights_skip_tracking":false,"_monsterinsights_sitenote_active":false,"_monsterinsights_sitenote_note":"","_monsterinsights_sitenote_category":0,"footnotes":""},"categories":[5],"tags":[66569,100932,91],"class_list":["post-635452","post","type-post","status-publish","format-standard","has-post-thumbnail","hentry","category-estado-de-mexico","tag-dirigente","tag-jorge-romero-herrera","tag-pan"],"_links":{"self":[{"href":"https:\/\/www.diarioimagen.net\/index.php?rest_route=\/wp\/v2\/posts\/635452","targetHints":{"allow":["GET"]}}],"collection":[{"href":"https:\/\/www.diarioimagen.net\/index.php?rest_route=\/wp\/v2\/posts"}],"about":[{"href":"https:\/\/www.diarioimagen.net\/index.php?rest_route=\/wp\/v2\/types\/post"}],"author":[{"embeddable":true,"href":"https:\/\/www.diarioimagen.net\/index.php?rest_route=\/wp\/v2\/users\/3"}],"replies":[{"embeddable":true,"href":"https:\/\/www.diarioimagen.net\/index.php?rest_route=%2Fwp%2Fv2%2Fcomments&post=635452"}],"version-history":[{"count":0,"href":"https:\/\/www.diarioimagen.net\/index.php?rest_route=\/wp\/v2\/posts\/635452\/revisions"}],"wp:featuredmedia":[{"embeddable":true,"href":"https:\/\/www.diarioimagen.net\/index.php?rest_route=\/wp\/v2\/media\/635573"}],"wp:attachment":[{"href":"https:\/\/www.diarioimagen.net\/index.php?rest_route=%2Fwp%2Fv2%2Fmedia&parent=635452"}],"wp:term":[{"taxonomy":"category","embeddable":true,"href":"https:\/\/www.diarioimagen.net\/index.php?rest_route=%2Fwp%2Fv2%2Fcategories&post=635452"},{"taxonomy":"post_tag","embeddable":true,"href":"https:\/\/www.diarioimagen.net\/index.php?rest_route=%2Fwp%2Fv2%2Ftags&post=635452"}],"curies":[{"name":"wp","href":"https:\/\/api.w.org\/{rel}","templated":true}]}}