{"id":635453,"date":"2024-10-02T00:03:07","date_gmt":"2024-10-02T06:03:07","guid":{"rendered":"https:\/\/www.diarioimagen.net\/?p=635453"},"modified":"2024-10-02T01:42:04","modified_gmt":"2024-10-02T07:42:04","slug":"union-de-luchas-zapatistas-a-favor-de-la-reconstruccion-del-tejido-social","status":"publish","type":"post","link":"https:\/\/www.diarioimagen.net\/?p=635453","title":{"rendered":"Uni\u00f3n de Luchas Zapatistas, a favor de la reconstrucci\u00f3n del tejido social"},"content":{"rendered":"<p>&nbsp;<\/p>\n<ul>\n<li><strong><em>Afirma la lideresa Carmen Olmedo<\/em><\/strong><\/li>\n<\/ul>\n<p>&nbsp;<\/p>\n<div id=\"attachment_635569\" style=\"width: 470px\" class=\"wp-caption aligncenter\"><a href=\"https:\/\/www.diarioimagen.net\/?attachment_id=635569\" rel=\"attachment wp-att-635569\"><img loading=\"lazy\" decoding=\"async\" aria-describedby=\"caption-attachment-635569\" class=\"size-full wp-image-635569\" src=\"https:\/\/www.diarioimagen.net\/wp-content\/uploads\/2024\/10\/union-de-luchas.jpg\" alt=\"\" width=\"460\" height=\"270\" srcset=\"https:\/\/www.diarioimagen.net\/wp-content\/uploads\/2024\/10\/union-de-luchas.jpg 460w, https:\/\/www.diarioimagen.net\/wp-content\/uploads\/2024\/10\/union-de-luchas-240x141.jpg 240w\" sizes=\"auto, (max-width: 460px) 100vw, 460px\" \/><\/a><p id=\"caption-attachment-635569\" class=\"wp-caption-text\">Carmen Olmedo Luna, presidenta estatal y dirigente municipal de la ULZ y la CUT, respectivamente, se reuni\u00f3 con delegados y liderazgos, agremiados a esas organizaciones.<\/p><\/div>\n<p>&nbsp;<\/p>\n<p><strong>Naucalpan, Estado de M\u00e9xico.\u2014<\/strong> Por d\u00e9cadas, la Uni\u00f3n de Luchas Zapatistas (ULZ), perteneciente a la Central Unitaria de Trabajadores, (CUT), ha dado la batalla por la justicia social, no s\u00f3lo del Estado de M\u00e9xico, sino del pa\u00eds, y nos enorgullece haber participado con L\u00f3pez Obradir y ahora con la presidenta Claudia Sheinbaum.<\/p>\n<p>As\u00ed lo expres\u00f3, en entrevista, Carmen Olmedo Luna, presidenta estatal y dirigente municipal de la ULZ y CUT, respectivamente, al reunirse con delegados y liderazgos, agremiados a esas organizaciones a quienes agradeci\u00f3 todo el apoyo para seguir avanzando para favorecer a familias mexiquenses.<\/p>\n<p>Ah\u00ed, L\u00edderes sociales como Jaime Ramirez Ridr\u00edguez, administrador general del Campo de la Ahuizotla, representantes de colonias como El Molino, M\u00e9xico 68, Cuartos Izcalli,\u00a0 ente otros, refrendaron su compromiso de impulsar los trabajos que encabeza Carmen Olmedo a lo largo y ancho del Estado de M\u00e9xico y desde luego, el segundo piso de la 4T.<\/p>\n<p>\u201cEn todo momento, en la ULZ y la CUT, seguiremos coadyuvando, tal y como lo hemos hecho, para que nuestro pa\u00eds vaya por el camino correcto e iremos de la mano de nuestra presidenta Claudia Sheinbaum\u201d, afirm\u00f3 Olmedo Luna.<\/p>\n<p>La lideresa social se\u00f1al\u00f3 que, en el \u00e1mbito municipal, \u201cnuestras organizaciones, liderazgos y sociedad en general estaremos trabajando en una sola l\u00ednea que es promover la reconstrucci\u00f3n del tejido social y en ello, apoyaremos al presidente municipal electo. Isaac Montoya\u201d.<\/p>\n","protected":false},"excerpt":{"rendered":"<p>Por d\u00e9cadas, la Uni\u00f3n de Luchas Zapatistas (ULZ), perteneciente a la Central Unitaria de Trabajadores, (CUT), ha dado la batalla por la justicia social, no s\u00f3lo del Estado de M\u00e9xico, sino del pa\u00eds, y nos enorgullece haber participado con L\u00f3pez Obradir y ahora con la presidenta Claudia Sheinbaum.<\/p>\n","protected":false},"author":3,"featured_media":635569,"comment_status":"open","ping_status":"open","sticky":false,"template":"","format":"standard","meta":{"_monsterinsights_skip_tracking":false,"_monsterinsights_sitenote_active":false,"_monsterinsights_sitenote_note":"","_monsterinsights_sitenote_category":0,"footnotes":""},"categories":[5],"tags":[43675,970,100933],"class_list":["post-635453","post","type-post","status-publish","format-standard","has-post-thumbnail","hentry","category-estado-de-mexico","tag-estado-de-mexico","tag-naucalpan","tag-union-de-luchas-zapatistas"],"_links":{"self":[{"href":"https:\/\/www.diarioimagen.net\/index.php?rest_route=\/wp\/v2\/posts\/635453","targetHints":{"allow":["GET"]}}],"collection":[{"href":"https:\/\/www.diarioimagen.net\/index.php?rest_route=\/wp\/v2\/posts"}],"about":[{"href":"https:\/\/www.diarioimagen.net\/index.php?rest_route=\/wp\/v2\/types\/post"}],"author":[{"embeddable":true,"href":"https:\/\/www.diarioimagen.net\/index.php?rest_route=\/wp\/v2\/users\/3"}],"replies":[{"embeddable":true,"href":"https:\/\/www.diarioimagen.net\/index.php?rest_route=%2Fwp%2Fv2%2Fcomments&post=635453"}],"version-history":[{"count":0,"href":"https:\/\/www.diarioimagen.net\/index.php?rest_route=\/wp\/v2\/posts\/635453\/revisions"}],"wp:featuredmedia":[{"embeddable":true,"href":"https:\/\/www.diarioimagen.net\/index.php?rest_route=\/wp\/v2\/media\/635569"}],"wp:attachment":[{"href":"https:\/\/www.diarioimagen.net\/index.php?rest_route=%2Fwp%2Fv2%2Fmedia&parent=635453"}],"wp:term":[{"taxonomy":"category","embeddable":true,"href":"https:\/\/www.diarioimagen.net\/index.php?rest_route=%2Fwp%2Fv2%2Fcategories&post=635453"},{"taxonomy":"post_tag","embeddable":true,"href":"https:\/\/www.diarioimagen.net\/index.php?rest_route=%2Fwp%2Fv2%2Ftags&post=635453"}],"curies":[{"name":"wp","href":"https:\/\/api.w.org\/{rel}","templated":true}]}}