{"id":635458,"date":"2024-10-02T00:04:21","date_gmt":"2024-10-02T06:04:21","guid":{"rendered":"https:\/\/www.diarioimagen.net\/?p=635458"},"modified":"2024-10-02T01:54:09","modified_gmt":"2024-10-02T07:54:09","slug":"aprueba-el-cabildo-de-cuautitlan-izcalli-creacion-de-juzgado-civico","status":"publish","type":"post","link":"https:\/\/www.diarioimagen.net\/?p=635458","title":{"rendered":"Aprueba el Cabildo de Cuautitl\u00e1n Izcalli creaci\u00f3n\u00a0de\u00a0Juzgado\u00a0C\u00edvico"},"content":{"rendered":"<p>&nbsp;<\/p>\n<ul>\n<li><em><strong>Mecanismos para mejorar la justicia<\/strong><\/em><\/li>\n<\/ul>\n<p>&nbsp;<\/p>\n<div id=\"attachment_635567\" style=\"width: 470px\" class=\"wp-caption aligncenter\"><a href=\"https:\/\/www.diarioimagen.net\/?attachment_id=635567\" rel=\"attachment wp-att-635567\"><img loading=\"lazy\" decoding=\"async\" aria-describedby=\"caption-attachment-635567\" class=\"size-full wp-image-635567\" src=\"https:\/\/www.diarioimagen.net\/wp-content\/uploads\/2024\/10\/aprueba-el-cabildo.jpg\" alt=\"\" width=\"460\" height=\"270\" srcset=\"https:\/\/www.diarioimagen.net\/wp-content\/uploads\/2024\/10\/aprueba-el-cabildo.jpg 460w, https:\/\/www.diarioimagen.net\/wp-content\/uploads\/2024\/10\/aprueba-el-cabildo-240x141.jpg 240w\" sizes=\"auto, (max-width: 460px) 100vw, 460px\" \/><\/a><p id=\"caption-attachment-635567\" class=\"wp-caption-text\">La alcaldesa Karla Fiesco Garc\u00eda encabez\u00f3 la sesi\u00f3n de Cabildo donde se aprob\u00f3 el acuerdo para la creaci\u00f3n del Juzgado C\u00edvico de Cuautitl\u00e1n Izcalli.<\/p><\/div>\n<p>&nbsp;<\/p>\n<p><strong>Cuautitl\u00e1n Izcalli, Estado de M\u00e9xico.\u2014<\/strong> En cumplimiento de las normativas establecidas por el Secretariado Ejecutivo del Estado de M\u00e9xico, se siguieron los lineamientos para la creaci\u00f3n del Juzgado C\u00edvico de este municipio.<\/p>\n<p>El Cabildo aprob\u00f3 el acuerdo para implementar este sistema, que desde el inicio de la administraci\u00f3n ha ratificado, en d\u00f3nde se lanza la convocatoria para la designaci\u00f3n de jueces, juezas, secretarias y secretarios c\u00edvicos y facilitadores encargados de llevar a cabo su labor correspondiente.<\/p>\n<p>En este marco, el Reglamento de Justicia C\u00edvica ha sido dise\u00f1ado para establecer mecanismos que mejoren la justicia y fomenten la convivencia pac\u00edfica en nuestro municipio.<\/p>\n<p>La convocatoria, previamente aprobada por el Cabildo y publicada apegado a transparencia, recibi\u00f3 los siguientes expedientes:<\/p>\n<p>8 para jueces o juezas c\u00edvicas;<\/p>\n<p>5 para secretarias o secretarios c\u00edvicos; y 7 para facilitadoras o facilitadores.<\/p>\n<p>Dando cumplimiento en tiempo y forma a los protocolos establecidos para permitir la impartici\u00f3n de justicia como valor fundamental para el gobierno Municipal de Cuautitl\u00e1n Izcalli, Karla Fiesco Garc\u00eda coment\u00f3: \u201cAl cierre de la convocatoria, no se present\u00f3 ninguna denuncia, queja o se\u00f1alamiento sobre discriminaci\u00f3n, falta de publicidad o cualquier situaci\u00f3n legal relacionada\u201d, destac\u00f3 la presidenta municipal durante la Sesi\u00f3n de Cabildo.<\/p>\n<p>Finalmente tomaron protesta Ang\u00e9lica Karina Mejia Arias como jueza, Jos\u00e9 Rafael M\u00e1rquez Uribe juez, Leticia Aguilar Garc\u00eda secretaria, Rene \u00c1lvarez V\u00e1zquez secretario y como facilitadores Juan Carlos Maldonado Casas, Denise Arizbeth Moreno Ordaz y Gerardo Acosta Torres.<\/p>\n","protected":false},"excerpt":{"rendered":"<p>En cumplimiento de las normativas establecidas por el Secretariado Ejecutivo del Estado de M\u00e9xico, se siguieron los lineamientos para la creaci\u00f3n del Juzgado C\u00edvico de este municipio.<\/p>\n","protected":false},"author":3,"featured_media":635567,"comment_status":"open","ping_status":"open","sticky":false,"template":"","format":"standard","meta":{"_monsterinsights_skip_tracking":false,"_monsterinsights_sitenote_active":false,"_monsterinsights_sitenote_note":"","_monsterinsights_sitenote_category":0,"footnotes":""},"categories":[5],"tags":[32439,100934],"class_list":["post-635458","post","type-post","status-publish","format-standard","has-post-thumbnail","hentry","category-estado-de-mexico","tag-creacion","tag-juzgado-civico"],"_links":{"self":[{"href":"https:\/\/www.diarioimagen.net\/index.php?rest_route=\/wp\/v2\/posts\/635458","targetHints":{"allow":["GET"]}}],"collection":[{"href":"https:\/\/www.diarioimagen.net\/index.php?rest_route=\/wp\/v2\/posts"}],"about":[{"href":"https:\/\/www.diarioimagen.net\/index.php?rest_route=\/wp\/v2\/types\/post"}],"author":[{"embeddable":true,"href":"https:\/\/www.diarioimagen.net\/index.php?rest_route=\/wp\/v2\/users\/3"}],"replies":[{"embeddable":true,"href":"https:\/\/www.diarioimagen.net\/index.php?rest_route=%2Fwp%2Fv2%2Fcomments&post=635458"}],"version-history":[{"count":0,"href":"https:\/\/www.diarioimagen.net\/index.php?rest_route=\/wp\/v2\/posts\/635458\/revisions"}],"wp:featuredmedia":[{"embeddable":true,"href":"https:\/\/www.diarioimagen.net\/index.php?rest_route=\/wp\/v2\/media\/635567"}],"wp:attachment":[{"href":"https:\/\/www.diarioimagen.net\/index.php?rest_route=%2Fwp%2Fv2%2Fmedia&parent=635458"}],"wp:term":[{"taxonomy":"category","embeddable":true,"href":"https:\/\/www.diarioimagen.net\/index.php?rest_route=%2Fwp%2Fv2%2Fcategories&post=635458"},{"taxonomy":"post_tag","embeddable":true,"href":"https:\/\/www.diarioimagen.net\/index.php?rest_route=%2Fwp%2Fv2%2Ftags&post=635458"}],"curies":[{"name":"wp","href":"https:\/\/api.w.org\/{rel}","templated":true}]}}