{"id":635460,"date":"2024-10-02T00:02:33","date_gmt":"2024-10-02T06:02:33","guid":{"rendered":"https:\/\/www.diarioimagen.net\/?p=635460"},"modified":"2024-10-02T01:42:36","modified_gmt":"2024-10-02T07:42:36","slug":"sanitizan-casas-y-colegios-brigadistas-encabezados-por-david-parra-sanchez","status":"publish","type":"post","link":"https:\/\/www.diarioimagen.net\/?p=635460","title":{"rendered":"Sanitizan casas y colegios, brigadistas encabezados por David Parra S\u00e1nchez"},"content":{"rendered":"<p>&nbsp;<\/p>\n<div id=\"attachment_635571\" style=\"width: 470px\" class=\"wp-caption aligncenter\"><a href=\"https:\/\/www.diarioimagen.net\/?attachment_id=635571\" rel=\"attachment wp-att-635571\"><img loading=\"lazy\" decoding=\"async\" aria-describedby=\"caption-attachment-635571\" class=\"size-full wp-image-635571\" src=\"https:\/\/www.diarioimagen.net\/wp-content\/uploads\/2024\/10\/sanitizan-casas.jpg\" alt=\"\" width=\"460\" height=\"270\" srcset=\"https:\/\/www.diarioimagen.net\/wp-content\/uploads\/2024\/10\/sanitizan-casas.jpg 460w, https:\/\/www.diarioimagen.net\/wp-content\/uploads\/2024\/10\/sanitizan-casas-240x141.jpg 240w\" sizes=\"auto, (max-width: 460px) 100vw, 460px\" \/><\/a><p id=\"caption-attachment-635571\" class=\"wp-caption-text\">Carmen Olmedo Luna, presidenta estatal y dirigente municipal de la ULZ y la CUT, respectivamente, se reuni\u00f3 con delegados y liderazgos, agremiados a esas organizaciones.<\/p><\/div>\n<p>&nbsp;<\/p>\n<p><strong>Naucalpan, Estado de M\u00e9xico.\u2014<\/strong> Con el proposito de desinfectar colegios y algunas casas afectadas por las lluvias de esta localidad, un grupo de voluntarios, encabezados por el luchador social David Parra S\u00e1nchez, realizan trabajos de limpieza, como medida preventiva para la poblaci\u00f3n.<\/p>\n<p>Brigadistas arrancaron con el trabajo de sanitizaci\u00f3n en un jard\u00edn de ni\u00f1os ubicado en Santa Cruz Acatl\u00e1n\u00a0 y en casas de la colonia Nueva San Rafael, en atenci\u00f3n que solicitaron al ex diputado. Estas actividades se realizar\u00e1n en diferentes lugares en donde hubo mayores afectaciones a familias de la municipalidad, afirm\u00f3 Parra S\u00e1nchez.<\/p>\n","protected":false},"excerpt":{"rendered":"<p>Con el proposito de desinfectar colegios y algunas casas afectadas por las lluvias de esta localidad, un grupo de voluntarios, encabezados por el luchador social David Parra S\u00e1nchez, realizan trabajos de limpieza, como medida preventiva para la poblaci\u00f3n.<\/p>\n","protected":false},"author":3,"featured_media":635571,"comment_status":"open","ping_status":"open","sticky":false,"template":"","format":"standard","meta":{"_monsterinsights_skip_tracking":false,"_monsterinsights_sitenote_active":false,"_monsterinsights_sitenote_note":"","_monsterinsights_sitenote_category":0,"footnotes":""},"categories":[18863],"tags":[29035,43675,970,100935],"class_list":["post-635460","post","type-post","status-publish","format-standard","has-post-thumbnail","hentry","category-salud-edomex","tag-david-parra-sanchez","tag-estado-de-mexico","tag-naucalpan","tag-sanitizan"],"_links":{"self":[{"href":"https:\/\/www.diarioimagen.net\/index.php?rest_route=\/wp\/v2\/posts\/635460","targetHints":{"allow":["GET"]}}],"collection":[{"href":"https:\/\/www.diarioimagen.net\/index.php?rest_route=\/wp\/v2\/posts"}],"about":[{"href":"https:\/\/www.diarioimagen.net\/index.php?rest_route=\/wp\/v2\/types\/post"}],"author":[{"embeddable":true,"href":"https:\/\/www.diarioimagen.net\/index.php?rest_route=\/wp\/v2\/users\/3"}],"replies":[{"embeddable":true,"href":"https:\/\/www.diarioimagen.net\/index.php?rest_route=%2Fwp%2Fv2%2Fcomments&post=635460"}],"version-history":[{"count":0,"href":"https:\/\/www.diarioimagen.net\/index.php?rest_route=\/wp\/v2\/posts\/635460\/revisions"}],"wp:featuredmedia":[{"embeddable":true,"href":"https:\/\/www.diarioimagen.net\/index.php?rest_route=\/wp\/v2\/media\/635571"}],"wp:attachment":[{"href":"https:\/\/www.diarioimagen.net\/index.php?rest_route=%2Fwp%2Fv2%2Fmedia&parent=635460"}],"wp:term":[{"taxonomy":"category","embeddable":true,"href":"https:\/\/www.diarioimagen.net\/index.php?rest_route=%2Fwp%2Fv2%2Fcategories&post=635460"},{"taxonomy":"post_tag","embeddable":true,"href":"https:\/\/www.diarioimagen.net\/index.php?rest_route=%2Fwp%2Fv2%2Ftags&post=635460"}],"curies":[{"name":"wp","href":"https:\/\/api.w.org\/{rel}","templated":true}]}}