{"id":635506,"date":"2024-10-02T00:03:53","date_gmt":"2024-10-02T06:03:53","guid":{"rendered":"https:\/\/www.diarioimagen.net\/?p=635506"},"modified":"2024-10-02T01:07:39","modified_gmt":"2024-10-02T07:07:39","slug":"transicion-en-paz-milicia-y-marinos-ejemplares","status":"publish","type":"post","link":"https:\/\/www.diarioimagen.net\/?p=635506","title":{"rendered":"Transici\u00f3n en paz. Milicia y\u00a0marinos,\u00a0ejemplares"},"content":{"rendered":"<h2>Espacio Electoral<\/h2>\n<h5>Eleazar Flores<\/h5>\n<p>&nbsp;<\/p>\n<p><strong>\u00c1NGULOS NOVEDOSOS-.<\/strong> Empezando por lo INSTITUCIONAL, procede destacar que la ASUNCI\u00d3N de la doctora Claudia Sheinbaum a la PRESIDENCIA DE LA REP\u00daBLICA destac\u00f3 por lo que ya no se hac\u00eda antes, la presencia del PODER JUDICIAL, en la persona de su presidenta Norma Pi\u00f1a.<\/p>\n<p>El saludo de Claudia a Norma lo dijo todo.<\/p>\n<p>Si vale el pronunciamiento priista REYESHEROLISTA de que EL FONDO ES FORMA ah\u00ed queda para la historia. Se nota m\u00e1s porque su antecesor L\u00f3pez Obrador, durante once meses -desde el 5 de febrero de 2023-, no s\u00f3lo ignor\u00f3, si no que hostiliz\u00f3 a la SUPREMA CORTE tanto que promovi\u00f3 su reforma; pero si le hubiera salido el chiste de que Arturo Zald\u00edvar se quedara dos a\u00f1os m\u00e1s, nada hubiera pasado.<\/p>\n<p>Del discurso de la PRESIDENTA se enterar\u00e1 en los medios, as\u00ed que narrar\u00e9 lo ocurrido la medianoche del lunes para empezar martes, en los relevos en Sedena y Marina, que gracias al profesionalismo de Grupo F\u00f3rmula, Milenio y Televisa pudo enterarse uno de las ceremonias protocolarias de primer mundo, por el orden y hasta los s\u00f3lidos mensajes.<\/p>\n<p>Ceremonias semejantes hubo en Gobernaci\u00f3n, lastimosamente con chorizos de la nueva titular de la Segob, donde tambi\u00e9n asumieron nuevos titulares de Seguridad P\u00fablica, Consejer\u00eda Jur\u00eddica y dem\u00e1s, pero lejos de la SOLEMNIDAD en las secretar\u00edas de la Defensa Nacional y de la Marina Armada de M\u00e9xico, \u00fanica donde se RECONOCI\u00d3 LA LABOR DE LOS MEDIOS DE COMUNICACI\u00d3N.<\/p>\n<p><strong>RELEVOS DE PRIMER MUNDO-.<\/strong> Indistintamente -por los horarios solamente- se celebraron\u00a0 ceremonias para que asumieran los nuevos secretarios de la Defensa Nacional y de la Marina Armada de M\u00e9xico, ambas con una solemnidad envidiable por el orden de los contingentes y hasta por los discursos de quienes se van y de quienes llegan, con reconocimiento total para unos y otros.<\/p>\n<p>Los que SE VAN, por lo hecho en tiempos dif\u00edciles en los \u00faltimos seis a\u00f1os, al lado de su comandante Andr\u00e9s Manuel L\u00f3pez Obrador, sin regatear esfuerzos ante la adversidad.<\/p>\n<p>Para QUIENES LLEGAN, por los m\u00faltiples merecimientos durante las dos o tres d\u00e9cadas de su esforzada vida profesional, no s\u00f3lo en las armas o en el mar, tambi\u00e9n en las aulas, pues se trata en muchos casos, de egresados de las escuelas de todas las especialidades, incluso de la UNAM.<\/p>\n<p>El general diplomado de Estado Mayor Ricardo Trevilla Trejo, nuevo Secretario de la Defensa Nacional, as\u00ed como el almirante Raymundo Morales \u00c1ngeles, nuevo Secretario de la Marina Armada de M\u00e9xico, asumieron sus cargos con puntualidad militar y marina, acompa\u00f1ados de sus familias -sacrificadas a cambio de su responsabilidad y ascensos-. Sus respectivos contingentes reforzaron la presencia del pueblo uniformado.<\/p>\n<p>Experto en redes, cheque estas ceremonias, constatar\u00e1 que ESTO TAMBI\u00c9N ES M\u00c9XICO, aunque usted no lo crea.<\/p>\n<p><em><a href=\"mailto:elefa44@gmail.com\" target=\"_blank\" rel=\"noopener noreferrer\">elefa44@gmail.com<\/a><\/em><\/p>\n","protected":false},"excerpt":{"rendered":"<p><span style=\"color: #005497;\"><strong>Eleazar Flores<\/strong><\/span><\/p>\n","protected":false},"author":3,"featured_media":0,"comment_status":"open","ping_status":"open","sticky":false,"template":"","format":"standard","meta":{"_monsterinsights_skip_tracking":false,"_monsterinsights_sitenote_active":false,"_monsterinsights_sitenote_note":"","_monsterinsights_sitenote_category":0,"footnotes":""},"categories":[81743],"tags":[81744,81776,43674],"class_list":["post-635506","post","type-post","status-publish","format-standard","hentry","category-eleazar-flores","tag-eleazar-flores","tag-espacio-electoral","tag-opinion"],"_links":{"self":[{"href":"https:\/\/www.diarioimagen.net\/index.php?rest_route=\/wp\/v2\/posts\/635506","targetHints":{"allow":["GET"]}}],"collection":[{"href":"https:\/\/www.diarioimagen.net\/index.php?rest_route=\/wp\/v2\/posts"}],"about":[{"href":"https:\/\/www.diarioimagen.net\/index.php?rest_route=\/wp\/v2\/types\/post"}],"author":[{"embeddable":true,"href":"https:\/\/www.diarioimagen.net\/index.php?rest_route=\/wp\/v2\/users\/3"}],"replies":[{"embeddable":true,"href":"https:\/\/www.diarioimagen.net\/index.php?rest_route=%2Fwp%2Fv2%2Fcomments&post=635506"}],"version-history":[{"count":0,"href":"https:\/\/www.diarioimagen.net\/index.php?rest_route=\/wp\/v2\/posts\/635506\/revisions"}],"wp:attachment":[{"href":"https:\/\/www.diarioimagen.net\/index.php?rest_route=%2Fwp%2Fv2%2Fmedia&parent=635506"}],"wp:term":[{"taxonomy":"category","embeddable":true,"href":"https:\/\/www.diarioimagen.net\/index.php?rest_route=%2Fwp%2Fv2%2Fcategories&post=635506"},{"taxonomy":"post_tag","embeddable":true,"href":"https:\/\/www.diarioimagen.net\/index.php?rest_route=%2Fwp%2Fv2%2Ftags&post=635506"}],"curies":[{"name":"wp","href":"https:\/\/api.w.org\/{rel}","templated":true}]}}