{"id":635524,"date":"2024-10-02T00:09:00","date_gmt":"2024-10-02T06:09:00","guid":{"rendered":"https:\/\/www.diarioimagen.net\/?p=635524"},"modified":"2024-10-02T01:05:34","modified_gmt":"2024-10-02T07:05:34","slug":"murio-el-obradorismo-nace-el-claudismo","status":"publish","type":"post","link":"https:\/\/www.diarioimagen.net\/?p=635524","title":{"rendered":"Muri\u00f3 el obradorismo; nace\u00a0el\u00a0claudismo"},"content":{"rendered":"<h2>Poder y dinero<\/h2>\n<h5>V\u00edctor S\u00e1nchez Ba\u00f1os<\/h5>\n<p>&nbsp;<\/p>\n<ul>\n<li><strong><em>De pena ajena legisladores lisonjeros<\/em><\/strong><\/li>\n<li><strong><em>Mis zapatos por una selfi, el clamor<\/em><\/strong><\/li>\n<li><strong><em>AMLO s\u00ed viol\u00f3 la libertad de expresi\u00f3n<\/em><\/strong><\/li>\n<li><strong><em>Dej\u00f3 pasivos sociales y econ\u00f3micos<\/em><\/strong><\/li>\n<li><strong><em>Sheinbaum, a pagar los platos rotos<\/em><\/strong><\/li>\n<li><strong><em>\u201cAlito\u201d, reflexi\u00f3n sobre presidencialismo<\/em><\/strong><\/li>\n<li><strong><em>Qualitas, Monte de Piedad, Finsa<\/em><\/strong><\/li>\n<li><strong><em>Diegeo busca \u201cembotellar\u201d en papel<\/em><\/strong><\/li>\n<\/ul>\n<p>&nbsp;<\/p>\n<p style=\"text-align: right;\"><em>Ser\u00eda una necedad pretender que el pueblo no puede cometer errores pol\u00edticos. Puede cometerlos, y graves. El pueblo lo sabe y paga las consecuencias; pero comparados con los errores que han sido cometidos por cualquier g\u00e9nero de autocracia, estos otros carecen de importancia<br \/>\n<\/em><strong>John Calvin Coolidge<\/strong> (1872-1933) Presidente de Estados Unidos (1923-1929)<\/p>\n<p>&nbsp;<\/p>\n<p>El espect\u00e1culo que dieron legisladores del oficialismo fue triste y denigrante. El culto a la personalidad, al estilo estalinista, mao\u00edsta o castrista y en el mejor de los casos de los chavistas.<\/p>\n<p>Durante la toma de protesta de Claudia Sheinbaum, como Presidenta de la Naci\u00f3n, en el Palacio Legislativo de San L\u00e1zaro, diputados y senadores, sin el m\u00e1s m\u00ednimo escr\u00fapulo, en lugar de dar vivas a M\u00e9xico, con ah\u00ednco, corearon \u201ces un honor estar con Obrador\u201d y a codazos y pisotones buscaron la selfi. Una, hasta rompi\u00f3 su zapato en su batalla heroica.<\/p>\n<p>Y, lo entiendo como analista.<\/p>\n<p>Sin \u00e9l, esos jilgueros del oficialismo, que son una mezcolanza de priistas, panistas, perredistas, socialistas y pr\u00f3fugos de sus \u201cprincipios\u201d aglutinados en Morena, PVEM y PT, ser\u00edan mexicanos comunes y corrientes como t\u00fa o como yo; nada m\u00e1s. Sin escoltas, ni fastuosas residencias, ni abultados fajos de billetes. Potentados, dir\u00eda su \u201cl\u00edder\u201d.<\/p>\n<p>Eso habla de pol\u00edticos agradecidos hasta el \u00e9xtasis, sin la agon\u00eda que sufren los intelectualmente superiores.<\/p>\n<p>Andr\u00e9s, nunca te habl\u00e9 con el mote de \u201custed\u201d, porque me siento dem\u00f3crata y veo en todos a seres iguales, ante las leyes. Nadie es mexicano de primera y otros de segunda, aunque ellos mismos se etiqueten. Todos debemos, sin demagogia, ser totalmente iguales, incluso en el trato.<\/p>\n<p>Hablaste que en tu gobierno hubo libertad de expresi\u00f3n. D\u00e9jame decirte que es falso. En lo que a mi corresponde, la persecuci\u00f3n de tu equipo provoc\u00f3 que me quitaran e impidieran mi acceso a espacios radiof\u00f3nicos. No s\u00f3lo fui yo como periodista, sino que muchos de tus detractores fueron calumniados desde el p\u00falpito de Palacio Nacional y cancelaste sus oportunidades laborales. La mayor\u00eda no tienen acceso al dinero del pueblo, del presupuesto, pues. Sus vidas y las de sus familias se ven mermadas.<\/p>\n<p>Ese eres t\u00fa y lo mejor para Claudia y para M\u00e9xico es que te mantengas alejado.<\/p>\n<p>Despu\u00e9s de lo anecd\u00f3tico de la toma de posesi\u00f3n, lo importante es el discurso de Claudia. Fue muy condescendiente con L\u00f3pez Obrador y tuvo que escuchar la perorata de los seguidores de AMLO, quienes no se han dado cuenta que \u00a1hay Presidenta!<\/p>\n<p>Su discurso fue esperanzador, conciliador y, aunque ideol\u00f3gicamente siga el camino de la izquierda, se comprometi\u00f3 al respeto de la Constituci\u00f3n y las leyes que de ella emanan.<\/p>\n<p>Para darle confianza a quienes ven con esperanza el futuro del pa\u00eds, es necesario que en el discurso se acabe con el culto a la personalidad de L\u00f3pez Obrador. \u00c9l ya se fue y si dej\u00f3 algo para vanagloriarse en la izquierda ins\u00edpida, que sea como creador de Morena. Se inici\u00f3 el fin de lopezobradorismo y el inicio del claudismo.<\/p>\n<p>En el color de la informaci\u00f3n, estuvieron presentes todos los gobernadores y s\u00f3lo 16 jefes de Estado. Esta no es una se\u00f1al para Claudia, sino para AMLO, quien hizo de la pol\u00edtica exterior un capricho personal y no actu\u00f3 como hombre de Estado.<\/p>\n<p>Cuando \u00e9l tom\u00f3 posesi\u00f3n asistieron presidentes como D\u00edaz-Canel, de Cuba; Evo Morales, de Bolivia; Len\u00edn Moreno, del Ecuador; Nicol\u00e1s Maduro, de Venezuela; Eugene Philip Rhuggenaath, de Curazao; Juan Orlando Hern\u00e1ndez, Honduras; Danilo Medina S\u00e1nchez, Dominicana; Kim Yong Nam, presidente de la Asamblea Corea del Norte; Ant\u00f3nio Costa, primer ministro de la Rep\u00fablica Portuguesa; Miguel \u00c1ngel Revilla, de la comunidad aut\u00f3noma de Cantabria, Espa\u00f1a; Salvador S\u00e1nchez Cer\u00e9n, de El Salvador; Jimmy Morales Cabrera, de Guatemala; Mart\u00edn Vizcarra Cornejo, del Per\u00fa; Felipe VI, rey de Espa\u00f1a; Mansour Bin Mutain Bin Abdulaziz Al Saud, pr\u00edncipe y ministro de Estado de Arabia Saudita; Michael R. Pence, vicepresidente de los Estados Unidos de Am\u00e9rica; Ivanka Trump, asesora de la Casa Blanca y Kirstjen Nielsen, secretaria del Departamento de Seguridad Interna.<\/p>\n<p>Pero vamos a la an\u00e9cdota hist\u00f3rica: Con Carlos Salinas, asistieron 105 de Estado; con Ernesto Zedillo, 80; con Vicente Fox, 80; con Felipe Calder\u00f3n 80; con Pe\u00f1a Nieto, 95.<\/p>\n<p style=\"text-align: center;\"><strong>PODEROSOS CABALLEROS<\/strong><\/p>\n<p><strong>PRESIDENCIALISMO AGOTADO: \u201cALITO\u201d. <\/strong>En los discursos que se dieron durante el evento, destac\u00f3 el de Alejandro Moreno, \u201cAlito\u201d, presidente nacional del PRI, quien toc\u00f3 un tema que es relevante. Antes, d\u00e9jame comentarte que con Pe\u00f1a Nieto y Calder\u00f3n, tuvimos pl\u00e1ticas sobre el presidencialismo en M\u00e9xico y que \u00e9ste deber\u00eda disminuir su poder. Claro, mostraron su oposici\u00f3n y ped\u00edan presidentes fuertes para un gobierno fuerte. Ahora, \u201cAlito\u201d pone el dedo en la llaga al mencionar que el presidencialismo est\u00e1 agotado y que los mexicanos debemos pensar en nuevas formas de gobierno, que sean adecuadas a nuestro pa\u00eds y que sean modernas para democratizar a su gobierno. No se trata de poner un sistema, sino de discutir esas formas en la que realmente el gobierno sea del pueblo (todos absolutamente y no s\u00f3lo de la clase pol\u00edtica) y sirva al pueblo. El diputado y representante del PRI en ese evento, pondr\u00e1 a discusi\u00f3n, seguramente, en foros, universidades, sindicatos y otras instituciones sociales, el tema que cambiar\u00eda el rostro y la vida de todos los mexicanos.<\/p>\n<p><strong>QU\u00c1LITAS:<\/strong> Qu\u00e1litas Controladora, liderado por Jos\u00e9 Antonio Correa Etchegaray, contrat\u00f3 a Roberto Araujo Balderas como director de Finanzas, quien reporta directamente a Bernardo Risoul Salas, director general adjunto. Araujo tiene 20 a\u00f1os de trayectoria con cargos ejecutivos en M\u00e9xico, EU y Jap\u00f3n en Chubb, Mars y Eli Lilly.<\/p>\n<p><strong>MONTE DE PIEDAD:<\/strong> Nacional Monte de Piedad qued\u00f3 en el desamparo financiero, luego que Javier de la Calle fuera destituido de la direcci\u00f3n general hace varias semanas. Pas\u00f3 el mando de manera transitoria a sus directores de Finanzas y Tesorer\u00eda, Fernanda Langarica, y Aldo Achar, que lidera el \u00e1rea de Capital Humano y Servicios Corporativos. Esto, mientras el patronato analiza el mejor perfil para el cargo<\/p>\n<p><strong>FINSA:<\/strong> El desarrollador de parques industriales Finsa, que lidera Sergio Arguelles, arribar\u00e1 a Aguascalientes el fabricante estadounidense de productos de cuidado personal Edgewell Personal Care, que dirige Rod Little, con una inversi\u00f3n de 110 millones de d\u00f3lares. La empresa coloc\u00f3 la piedra angular de su primera manufacturera en M\u00e9xico, en la entidad gobernada por Tere Jim\u00e9nez.<\/p>\n<p style=\"text-align: center;\"><strong>RESPONSABILIDAD SOCIAL Y GOBERNANZA<\/strong><\/p>\n<p><strong>DIAGEO:<\/strong> Bajo el liderazgo de Leonardo Curado, Diageo, empresa brit\u00e1nica dedicada a la fabricaci\u00f3n y distribuci\u00f3n de bebidas alcoh\u00f3licas, entre ellas Johnnie Walker, explora el uso de envases de papel en toda su cartera de bebidas alcoh\u00f3licas, como parte de sus esfuerzos de sostenibilidad. Esta estrategia incluye reducir el peso de los envases en un 10% durante esta d\u00e9cada y aumentar el contenido reciclado en los envases al 60%. Adem\u00e1s, para 2030, todos los envases deben ser ampliamente reciclables, reutilizables o compostables. Una pregunta sustentable: \u00bfel cristal no es reciclable? Por aquello que el uso de papel devasta los bosques.<\/p>\n<p><em><a href=\"mailto:vsb@poderydinero.mx\" target=\"_blank\" rel=\"noopener noreferrer\">vsb@poderydinero.mx<\/a><br \/>\n<a href=\"https:\/\/twitter.com\/vsanchezbanos?lang=es\" target=\"_blank\" rel=\"noopener\">@vsanchezbanos<\/a><\/em><\/p>\n","protected":false},"excerpt":{"rendered":"<p><span style=\"color: #005497;\"><strong>V\u00edctor S\u00e1nchez Ba\u00f1os<\/strong><\/span><\/p>\n","protected":false},"author":3,"featured_media":0,"comment_status":"open","ping_status":"open","sticky":false,"template":"","format":"standard","meta":{"_monsterinsights_skip_tracking":false,"_monsterinsights_sitenote_active":false,"_monsterinsights_sitenote_note":"","_monsterinsights_sitenote_category":0,"footnotes":""},"categories":[38844],"tags":[43674,38847,38848],"class_list":["post-635524","post","type-post","status-publish","format-standard","hentry","category-victor-sanchez-banos","tag-opinion","tag-poder-y-dinero","tag-victor-sanchez-banos"],"_links":{"self":[{"href":"https:\/\/www.diarioimagen.net\/index.php?rest_route=\/wp\/v2\/posts\/635524","targetHints":{"allow":["GET"]}}],"collection":[{"href":"https:\/\/www.diarioimagen.net\/index.php?rest_route=\/wp\/v2\/posts"}],"about":[{"href":"https:\/\/www.diarioimagen.net\/index.php?rest_route=\/wp\/v2\/types\/post"}],"author":[{"embeddable":true,"href":"https:\/\/www.diarioimagen.net\/index.php?rest_route=\/wp\/v2\/users\/3"}],"replies":[{"embeddable":true,"href":"https:\/\/www.diarioimagen.net\/index.php?rest_route=%2Fwp%2Fv2%2Fcomments&post=635524"}],"version-history":[{"count":0,"href":"https:\/\/www.diarioimagen.net\/index.php?rest_route=\/wp\/v2\/posts\/635524\/revisions"}],"wp:attachment":[{"href":"https:\/\/www.diarioimagen.net\/index.php?rest_route=%2Fwp%2Fv2%2Fmedia&parent=635524"}],"wp:term":[{"taxonomy":"category","embeddable":true,"href":"https:\/\/www.diarioimagen.net\/index.php?rest_route=%2Fwp%2Fv2%2Fcategories&post=635524"},{"taxonomy":"post_tag","embeddable":true,"href":"https:\/\/www.diarioimagen.net\/index.php?rest_route=%2Fwp%2Fv2%2Ftags&post=635524"}],"curies":[{"name":"wp","href":"https:\/\/api.w.org\/{rel}","templated":true}]}}