{"id":635655,"date":"2024-10-03T00:03:25","date_gmt":"2024-10-03T06:03:25","guid":{"rendered":"https:\/\/www.diarioimagen.net\/?p=635655"},"modified":"2024-10-03T01:09:13","modified_gmt":"2024-10-03T07:09:13","slug":"alfonso-ramos-le-dara-fuerza-a-la-coparmex-como-presidente","status":"publish","type":"post","link":"https:\/\/www.diarioimagen.net\/?p=635655","title":{"rendered":"\u201cAlfonso Ramos le dar\u00e1 fuerza a la Coparmex, como presidente\u201d"},"content":{"rendered":"<p>&nbsp;<\/p>\n<ul>\n<li><em><strong>Renovaci\u00f3n de dirigencia<\/strong><\/em><\/li>\n<\/ul>\n<p>&nbsp;<\/p>\n<div id=\"attachment_635743\" style=\"width: 470px\" class=\"wp-caption aligncenter\"><a href=\"https:\/\/www.diarioimagen.net\/?attachment_id=635743\" rel=\"attachment wp-att-635743\"><img loading=\"lazy\" decoding=\"async\" aria-describedby=\"caption-attachment-635743\" class=\"size-full wp-image-635743\" src=\"https:\/\/www.diarioimagen.net\/wp-content\/uploads\/2024\/10\/alfonso-ramos.jpg\" alt=\"\" width=\"460\" height=\"270\" srcset=\"https:\/\/www.diarioimagen.net\/wp-content\/uploads\/2024\/10\/alfonso-ramos.jpg 460w, https:\/\/www.diarioimagen.net\/wp-content\/uploads\/2024\/10\/alfonso-ramos-240x141.jpg 240w\" sizes=\"auto, (max-width: 460px) 100vw, 460px\" \/><\/a><p id=\"caption-attachment-635743\" class=\"wp-caption-text\">Alfonso Ramos se perfila como una opci\u00f3n viable para suceder en el cargo a Erick Cuenca Gurrola, al frente de la Coparmex -Metropolitano.<\/p><\/div>\n<p>&nbsp;<\/p>\n<p><strong>Valle de M\u00e9xico.\u2014<\/strong> El pr\u00f3ximo 17 de octubre se renovar\u00e1 esta organizaci\u00f3n de la iniciativa privada; el aspirante a encabezar los esfuerzos de \u00e9sta, cuenta con amplia experiencia y tiene alto grado de compromiso de alzar la voz por ese sector.<\/p>\n<p>Ante el proceso interno que vive Coparmex Metropolitano para renovar su presidencia, Alfonso Ramos se perfila como una opci\u00f3n viable para suceder en el cargo a Erick Cuenca Gurrola, puesto que cuenta con una s\u00f3lida trayectoria dentro de esa organizaci\u00f3n de la iniciativa privada.<\/p>\n<p>Y es que el aspirante a ocupar la presidencia de Coparmex Metropolitano, ha desarrollado un arduo trabajo en defensa de los derechos del sector empresarial, ocupando cargos relevantes dentro del mismo.<\/p>\n<p>La capacidad demostrada por Alfonso Ramos para estrechar v\u00ednculos con otros sectores de la sociedad como el gubernamental, le permiti\u00f3 generar importantes v\u00ednculos, de lo que es claro ejemplo la relaci\u00f3n con la actual gobernadora mexiquense, Delfina G\u00f3mez \u00c1lvarez, as\u00ed como con alcaldes y funcionarios de alto nivel.<\/p>\n<p>En entrevista, Ramos indic\u00f3 que su postulaci\u00f3n es la que mejor puede llevar la voz de las mujeres y hombres de negocios, porque tiene amplia experiencia abriendo puertas y para dar fuerza a los proyectos empresariales en el Valle de M\u00e9xico.<\/p>\n","protected":false},"excerpt":{"rendered":"<p>El pr\u00f3ximo 17 de octubre se renovar\u00e1 esta organizaci\u00f3n de la iniciativa privada; el aspirante a encabezar los esfuerzos de \u00e9sta, cuenta con amplia experiencia y tiene alto grado de compromiso de alzar la voz por ese sector.<\/p>\n","protected":false},"author":3,"featured_media":635743,"comment_status":"open","ping_status":"open","sticky":false,"template":"","format":"standard","meta":{"_monsterinsights_skip_tracking":false,"_monsterinsights_sitenote_active":false,"_monsterinsights_sitenote_note":"","_monsterinsights_sitenote_category":0,"footnotes":""},"categories":[5],"tags":[100946,308],"class_list":["post-635655","post","type-post","status-publish","format-standard","has-post-thumbnail","hentry","category-estado-de-mexico","tag-alfonso-ramos","tag-coparmex"],"_links":{"self":[{"href":"https:\/\/www.diarioimagen.net\/index.php?rest_route=\/wp\/v2\/posts\/635655","targetHints":{"allow":["GET"]}}],"collection":[{"href":"https:\/\/www.diarioimagen.net\/index.php?rest_route=\/wp\/v2\/posts"}],"about":[{"href":"https:\/\/www.diarioimagen.net\/index.php?rest_route=\/wp\/v2\/types\/post"}],"author":[{"embeddable":true,"href":"https:\/\/www.diarioimagen.net\/index.php?rest_route=\/wp\/v2\/users\/3"}],"replies":[{"embeddable":true,"href":"https:\/\/www.diarioimagen.net\/index.php?rest_route=%2Fwp%2Fv2%2Fcomments&post=635655"}],"version-history":[{"count":0,"href":"https:\/\/www.diarioimagen.net\/index.php?rest_route=\/wp\/v2\/posts\/635655\/revisions"}],"wp:featuredmedia":[{"embeddable":true,"href":"https:\/\/www.diarioimagen.net\/index.php?rest_route=\/wp\/v2\/media\/635743"}],"wp:attachment":[{"href":"https:\/\/www.diarioimagen.net\/index.php?rest_route=%2Fwp%2Fv2%2Fmedia&parent=635655"}],"wp:term":[{"taxonomy":"category","embeddable":true,"href":"https:\/\/www.diarioimagen.net\/index.php?rest_route=%2Fwp%2Fv2%2Fcategories&post=635655"},{"taxonomy":"post_tag","embeddable":true,"href":"https:\/\/www.diarioimagen.net\/index.php?rest_route=%2Fwp%2Fv2%2Ftags&post=635655"}],"curies":[{"name":"wp","href":"https:\/\/api.w.org\/{rel}","templated":true}]}}