{"id":635661,"date":"2024-10-03T00:02:05","date_gmt":"2024-10-03T06:02:05","guid":{"rendered":"https:\/\/www.diarioimagen.net\/?p=635661"},"modified":"2024-10-03T01:09:48","modified_gmt":"2024-10-03T07:09:48","slug":"prd-estado-de-mexico-presenta-solicitud-de-registro-como-partido","status":"publish","type":"post","link":"https:\/\/www.diarioimagen.net\/?p=635661","title":{"rendered":"PRD Estado de M\u00e9xico presenta solicitud de registro como partido"},"content":{"rendered":"<p>&nbsp;<\/p>\n<ul>\n<li><em><strong>Inicio de un nuevo cap\u00edtulo<\/strong><\/em><\/li>\n<\/ul>\n<p>&nbsp;<\/p>\n<div id=\"attachment_635745\" style=\"width: 470px\" class=\"wp-caption aligncenter\"><a href=\"https:\/\/www.diarioimagen.net\/?attachment_id=635745\" rel=\"attachment wp-att-635745\"><img loading=\"lazy\" decoding=\"async\" aria-describedby=\"caption-attachment-635745\" class=\"size-full wp-image-635745\" src=\"https:\/\/www.diarioimagen.net\/wp-content\/uploads\/2024\/10\/prd-estado-de-mexico.jpg\" alt=\"\" width=\"460\" height=\"270\" srcset=\"https:\/\/www.diarioimagen.net\/wp-content\/uploads\/2024\/10\/prd-estado-de-mexico.jpg 460w, https:\/\/www.diarioimagen.net\/wp-content\/uploads\/2024\/10\/prd-estado-de-mexico-240x141.jpg 240w\" sizes=\"auto, (max-width: 460px) 100vw, 460px\" \/><\/a><p id=\"caption-attachment-635745\" class=\"wp-caption-text\">Amin Moreno Lojero entreg\u00f3 en la oficial\u00eda de partes del Instituto Electoral del Estado de M\u00e9xico la solicitud de registro del PRD Estado de M\u00e9xico como partido local.<\/p><\/div>\n<p>&nbsp;<\/p>\n<p><strong>Toluca, Estado de M\u00ebxico.\u2014<\/strong>\u00a0 El PRD en el\u00a0 Estado de M\u00e9xico contin\u00faa. Hoy estamos presentando la solicitud de registro como partido local ante el Instituto Electoral del Estado de M\u00e9xico, gracias a las m\u00e1s de 325 mil personas que nos dieron su confianza en la pasada contienda del 2 de junio, lo cual representa m\u00e1s del 4 por ciento de la votaci\u00f3n, que garantiza que cumplimos con los establecido por la ley, para seguir siendo partido pol\u00edtico en la entidad mexiquense\u201d, as\u00ed lo se\u00f1al\u00f3 Amin Moreno Lojero, presidente del Partido de la Revoluci\u00f3n Democr\u00e1tica, luego de entregar en la oficial\u00eda de partes del Instituto Electoral del Estado de M\u00e9xico, la solicitud de registro del PRD Estado de M\u00e9xico como partido local.<\/p>\n<p>Acompa\u00f1ado de la diputada local Araceli Casasola, representante del PRD ante el IEEM; Javier Rivera, secretario general; el diputado Omar Ortega, coordinador parlamentario del PRD en la Legislatura local, as\u00ed como por dirigentes estatales y nacionales, Amin Moreno se\u00f1al\u00f3, \u201cEste paso marca el inicio de un nuevo cap\u00edtulo para el partido, que busca reencontrarse con la ciudadan\u00eda y ser considerado nuevamente como una opci\u00f3n de cambio para los mexiquenses\u201d.<\/p>\n<p>En entrevista con medios de comunicaci\u00f3n, Amin Moreno dijo que es prioritario que el PRD retome las bases que le dieron origen, reafirmando el compromiso del partido con los principios de democracia, justicia y equidad.<\/p>\n<p>\u201cHoy m\u00e1s que nunca, estamos decididas y decididos a ser una oposici\u00f3n responsable, que escuche y responda a las necesidades de la gente, nuestra prioridad ser\u00e1 siempre el bienestar de los ciudadanos, y estamos aqu\u00ed para construir, pero tambi\u00e9n para alzar la voz las causas y luchas de quienes no est\u00e1n siendo atendidas por el gobierno\u201d, enfatiz\u00f3.<\/p>\n<p>El presidente del PRD mexiquense destac\u00f3 que, a diferencia de elecciones pasadas, el partido participar\u00e1 en el pr\u00f3ximo proceso de manera independiente, sin coaliciones con otros partidos pol\u00edticos. \u201cNuestra \u00fanica alianza ser\u00e1 con los ciudadanos, queremos ser la voz de aquellos que anhelan un cambio verdadero y efectivo en la pol\u00edtica del Estado de M\u00e9xico\u201d, asegur\u00f3.<\/p>\n","protected":false},"excerpt":{"rendered":"<p>El PRD en el\u00a0 Estado de M\u00e9xico contin\u00faa. Hoy estamos presentando la solicitud de registro como partido local ante el Instituto Electoral del Estado de M\u00e9xico, gracias a las m\u00e1s de 325 mil personas que nos dieron su confianza en la pasada contienda del 2 de junio, lo cual representa m\u00e1s del 4 por ciento de la votaci\u00f3n, que garantiza que cumplimos con los establecido por la ley, para seguir siendo partido pol\u00edtico en la entidad mexiquense\u201d, as\u00ed lo se\u00f1al\u00f3 Amin Moreno Lojero, presidente del Partido de la Revoluci\u00f3n Democr\u00e1tica, luego de entregar en la oficial\u00eda de partes del Instituto Electoral del Estado de M\u00e9xico, la solicitud de registro del PRD Estado de M\u00e9xico como partido local.<\/p>\n","protected":false},"author":3,"featured_media":635745,"comment_status":"open","ping_status":"open","sticky":false,"template":"","format":"standard","meta":{"_monsterinsights_skip_tracking":false,"_monsterinsights_sitenote_active":false,"_monsterinsights_sitenote_note":"","_monsterinsights_sitenote_category":0,"footnotes":""},"categories":[5],"tags":[100949,66478,211,100948,452],"class_list":["post-635661","post","type-post","status-publish","format-standard","has-post-thumbnail","hentry","category-estado-de-mexico","tag-bases","tag-esado-de-mexico","tag-prd","tag-retome","tag-toluca"],"_links":{"self":[{"href":"https:\/\/www.diarioimagen.net\/index.php?rest_route=\/wp\/v2\/posts\/635661","targetHints":{"allow":["GET"]}}],"collection":[{"href":"https:\/\/www.diarioimagen.net\/index.php?rest_route=\/wp\/v2\/posts"}],"about":[{"href":"https:\/\/www.diarioimagen.net\/index.php?rest_route=\/wp\/v2\/types\/post"}],"author":[{"embeddable":true,"href":"https:\/\/www.diarioimagen.net\/index.php?rest_route=\/wp\/v2\/users\/3"}],"replies":[{"embeddable":true,"href":"https:\/\/www.diarioimagen.net\/index.php?rest_route=%2Fwp%2Fv2%2Fcomments&post=635661"}],"version-history":[{"count":0,"href":"https:\/\/www.diarioimagen.net\/index.php?rest_route=\/wp\/v2\/posts\/635661\/revisions"}],"wp:featuredmedia":[{"embeddable":true,"href":"https:\/\/www.diarioimagen.net\/index.php?rest_route=\/wp\/v2\/media\/635745"}],"wp:attachment":[{"href":"https:\/\/www.diarioimagen.net\/index.php?rest_route=%2Fwp%2Fv2%2Fmedia&parent=635661"}],"wp:term":[{"taxonomy":"category","embeddable":true,"href":"https:\/\/www.diarioimagen.net\/index.php?rest_route=%2Fwp%2Fv2%2Fcategories&post=635661"},{"taxonomy":"post_tag","embeddable":true,"href":"https:\/\/www.diarioimagen.net\/index.php?rest_route=%2Fwp%2Fv2%2Ftags&post=635661"}],"curies":[{"name":"wp","href":"https:\/\/api.w.org\/{rel}","templated":true}]}}