{"id":635680,"date":"2024-10-03T00:02:54","date_gmt":"2024-10-03T06:02:54","guid":{"rendered":"https:\/\/www.diarioimagen.net\/?p=635680"},"modified":"2024-10-02T23:28:01","modified_gmt":"2024-10-03T05:28:01","slug":"en-acapulco-sheinbaum-tuvo-contacto-con-la-poblacion-pero-desde-su-camioneta","status":"publish","type":"post","link":"https:\/\/www.diarioimagen.net\/?p=635680","title":{"rendered":"En Acapulco, Sheinbaum tuvo contacto con la poblaci\u00f3n, pero desde su camioneta"},"content":{"rendered":"<h2>La Retaguardia<\/h2>\n<h5>Adriana Moreno Cordero<\/h5>\n<p>&nbsp;<\/p>\n<ul>\n<li><strong><em>Fern\u00e1ndez Noro\u00f1a regresa a su modo belicoso y altanero<\/em><\/strong><\/li>\n<\/ul>\n<p>&nbsp;<\/p>\n<p>\u201cDos de octubre, no se olvida\u201d, esta es la consigna de cada a\u00f1o en conmemoraci\u00f3n de la matanza de Tlatelolco, pero en el actual \u2014a 56 a\u00f1os\u2014 adquiere mayor relevancia porque se dio justo un d\u00eda despu\u00e9s de que <strong>Claudia Sheinbaum Pardo<\/strong> asumiera como la primera presidenta de M\u00e9xico que encabez\u00f3 su primera conferencia ma\u00f1anera, que dista de ser el acostumbrado \u201cstand-up\u201d que por casi seis a\u00f1os ofreci\u00f3 su visceral mentor y que fue instrumento principal para polarizar al pa\u00eds y destilar todo el odio posible en contra de sus adversarios.<\/p>\n<p>Esta primera conferencia del pueblo, como lo llam\u00f3 la propia jefa del Ejecutivo, ya no dijo aquel \u201c\u00a1\u00e1nimo!\u201d, que pronunciaba su antecesor y lo sustituy\u00f3 por un \u201cbuenos d\u00edas, \u00bfc\u00f3mo est\u00e1n?, casa llena\u201d. Es probable que as\u00ed sea en los primeros meses, como ocurri\u00f3 con <strong>Andr\u00e9s Manuel L\u00f3pez Obrador<\/strong>, pero al paso del tiempo, vaya bajando sustancialmente la asistencia para que acudan solamente los <em>youtubers<\/em> afines al oficialismo.<\/p>\n<p>Lo primero que hizo la presidenta Sheinbaum fue ofrecer disculpas p\u00fablicas por la masacre del 2 de Octubre de 1968, sin embargo, por otro lado, no dej\u00f3 de decepcionar el programa que dio a conocer sobre c\u00f3mo se desarrollar\u00e1n estas ma\u00f1aneras que de alguna manera, seguir\u00e1n en la misma t\u00f3nica que los \u201cstand-up\u201d lopezobradoristas con temas como \u201clos lunes de la salud\u201d, el humanismo mexicano, la doctrina de la errada y llamada Cuarta Transformaci\u00f3n; hablar\u00e1 tambi\u00e9n de la aportaci\u00f3n y el papel de las mujeres en la historia; est\u00e1 lo que llam\u00f3 \u201cla revisi\u00f3n de las mentiras\u201d, que se supone que dicen algunos medios y por las redes sociales, y en espec\u00edfico, en este tema, \u00bfse volver\u00e1 Sheinbaum tan visceral como su jefe y maestro?, \u00bfllamar\u00e1 \u201cpasquines inmundos\u201d a algunos medios que no est\u00e1n de acuerdo con el oficialismo? Los viernes, en m\u00e1s relax, habr\u00e1 el d\u00eda de \u201cSuave Patria\u201d.<\/p>\n<p>Lo m\u00e1s probable es que siga el continuismo, por lo menos en este tema, m\u00e1s a\u00fan si nos atenemos a que todav\u00eda se dio tiempo la Presidenta para defender a L\u00f3pez Obrador porque el <strong>Rey Felipe VI<\/strong> no atendi\u00f3 la petici\u00f3n del tabasque\u00f1o para que ofreciera disculpas por los excesos cometidos durante La Conquista. Y si el monarca espa\u00f1ol no lo hizo, pues ya no lo va a hacer y le tiene sin cuidado lo que piense Sheinbaum.<\/p>\n<p>Por la tarde, la jefa del Ejecutivo estuvo en Acapulco, donde siempre s\u00ed tuvo contacto con los ciudadanos, ella, desde luego, subida en la camioneta, o sea que hasta ese momento, no se hab\u00eda mojado los zapatos, como su jefe. De ah\u00ed, se traslad\u00f3 a la zona naval, donde se reuni\u00f3 con la ausente gobernadora de Guerrero, <strong>Evelyn Salgado,<\/strong> y con alcaldes como la de Acapulco, <strong>Abelina L\u00f3pez<\/strong>.<\/p>\n<p>\u201c\u00a1Qu\u00e9 chingona, Presidenta!\u201d, se escuch\u00f3 por ah\u00ed una frase de habitantes del puerto que se quejaron de la situaci\u00f3n que viven luego del paso del hurac\u00e1n \u201cJohn\u201d e incluso hace un a\u00f1o, con \u201cOtis\u201d, en un tema que no se ha solucionado por completo. La extorsi\u00f3n est\u00e1 a la orden del d\u00eda as\u00ed como la falta de apoyos.<\/p>\n<p>Los empresarios guerrerenses se sumaron al reclamo. <strong>Juli\u00e1n Ustegui<\/strong>, presidente del Consejo Coordinador Empresarial, (CCE), Guerrero, se congratul\u00f3 de que Sheinbaum s\u00ed le est\u00e9 haciendo caso a Acapulco luego de nueve d\u00edas de actividad tur\u00edstica parada por lo que esperan que haya el apoyo financiero para autoridades estatales y municipales sobre todo, para los municipios afectados.<\/p>\n<p>Mediante una misiva, los empresarios solicitaron l\u00edneas de cr\u00e9dito blandos por alrededor de 300 mil millones de pesos para reconstruir cuartos de hotel y otras instalaciones como condominios tur\u00edsticos, tal y como ocurri\u00f3 con el hurac\u00e1n \u201cOtis\u201d, s\u00ed, ese en el que L\u00f3pez Obrador no se moj\u00f3 los zapatos para cuidar \u2014seg\u00fan \u00e9l\u2014 la investidura presidencial, esa que le doli\u00f3 tanto dejar.<\/p>\n<p>En este segundo piso, \u00bfles har\u00e1n caso?<\/p>\n<p><strong>Municiones<\/strong><\/p>\n<p><strong>***<\/strong> El flamante presidente de la Mesa Directiva del Senado de la Rep\u00fablica, <strong>Gerardo Fern\u00e1ndez Noro\u00f1a<\/strong>, conforme transcurren los d\u00edas en la nueva etapa del segundo piso de esta errada y llamada Cuarta Transformaci\u00f3n, abandona su actitud, dij\u00e9ramos, institucional que le impone su cargo y vuelve a lo que es su verdadero perfil, el de ser belicoso, estramb\u00f3tico y contradictorio tratando de forma altanera a los representantes de los medios. En conferencia de prensa advirti\u00f3 que en el tema de la controvertida reforma al Poder Judicial \u2014regalazo para el expresidente L\u00f3pez Obrador\u2014 ha detectado lo que llam\u00f3 reticencia del Poder Judicial para colaborar en lo que tiene que ver con la convocatoria para elegir a jueces, ministros y magistrados mediante del voto del \u201cpueblo bueno y sabio\u201d y que en \u00e9sta se emita en tiempo y forma. A\u00f1adi\u00f3 que desde el pasado 18 de septiembre, Noro\u00f1a le envi\u00f3 un oficio a la presidenta del Consejo de la Judicatura Federal (CJF), <strong>Norma Pi\u00f1a Hern\u00e1ndez<\/strong>, para solicitarle el listado para determinar los cargos a elegir por los circuitos federales en el proceso electoral de 2025 y que hasta la fecha no ha recibido ninguna respuesta. Ya medio molesto y en lo que es lo suyo, el petista se\u00f1al\u00f3 que la tambi\u00e9n presidenta de la Suprema Corte de Justicia de la Naci\u00f3n da \u201crespuestas burocr\u00e1ticas y pone obst\u00e1culos para cumplir con esta disposici\u00f3n constitucional, pero esto no impedir\u00e1 que se instrumente la reforma, ni evitar\u00e1 que se lleven a cabo los comicios del primer domingo de junio del siguiente a\u00f1o\u201d.<\/p>\n<p><strong>***<\/strong> En este sentido, lo que olvida el presidente de la C\u00e1mara alta es que \u00e9l mismo viola la ley y hasta se da el lujo de informar que no acatar\u00e1 los recursos, esto es, las suspensiones judiciales que han otorgado diferentes jueces, la m\u00e1s reciente, un juez de Yucat\u00e1n dio una nueva suspensi\u00f3n para que el Senado no emita la convocatoria y el INE no inicie el proceso que culmine con la elecci\u00f3n de jueces, magistrados y ministros, en junio del pr\u00f3ximo a\u00f1o. Y otra cosa que soslaya el senador Fern\u00e1ndez Noro\u00f1a es que como reza un popular refr\u00e1n, \u201cel diablo est\u00e1 en los detalles\u201d y habr\u00eda que agregar, en las leyes secundarias tambi\u00e9n y en torno a la controvertida reforma al Poder Judicial eso, los detalles, podr\u00edan hacer la diferencia y descomponerse el regalazo de L\u00f3pez Obrador. \u00bfSer\u00e1?<\/p>\n<p><strong>***<\/strong> En lo que son las secuelas de la controvertida reforma al Poder Judicial, <strong>Juana Fuentes Vel\u00e1zquez<\/strong>, directora de la Asociaci\u00f3n Nacional de Magistrados de Circuito y Jueces de Distrito del Poder Judicial de la Federaci\u00f3n (<strong>Jufed<\/strong>), pidi\u00f3 a la presidenta Sheinbaum un di\u00e1logo \u201csin estatus\u201d para informarle sobre la perspectiva de los trabajadores del Poder Judicial frente los cambios que contempla la reforma en la materia. Pues con tanto sentimiento con el que la Presidenta defiende dicha reforma que a ver si los recibe.<\/p>\n<p><u><a href=\"mailto:morcora@gmail.com\" target=\"_blank\" rel=\"noopener noreferrer\"><em>morcora@gmail.com<\/em><\/a><\/u><\/p>\n","protected":false},"excerpt":{"rendered":"<p><span style=\"color: #005497;\"><strong>Adriana Moreno Cordero<\/strong><\/span><\/p>\n","protected":false},"author":3,"featured_media":0,"comment_status":"open","ping_status":"open","sticky":false,"template":"","format":"standard","meta":{"_monsterinsights_skip_tracking":false,"_monsterinsights_sitenote_active":false,"_monsterinsights_sitenote_note":"","_monsterinsights_sitenote_category":0,"footnotes":""},"categories":[69370],"tags":[69369,69368,43674],"class_list":["post-635680","post","type-post","status-publish","format-standard","hentry","category-adriana-moreno-cordero","tag-adriana-moreno-cordero","tag-la-retaguardia","tag-opinion"],"_links":{"self":[{"href":"https:\/\/www.diarioimagen.net\/index.php?rest_route=\/wp\/v2\/posts\/635680","targetHints":{"allow":["GET"]}}],"collection":[{"href":"https:\/\/www.diarioimagen.net\/index.php?rest_route=\/wp\/v2\/posts"}],"about":[{"href":"https:\/\/www.diarioimagen.net\/index.php?rest_route=\/wp\/v2\/types\/post"}],"author":[{"embeddable":true,"href":"https:\/\/www.diarioimagen.net\/index.php?rest_route=\/wp\/v2\/users\/3"}],"replies":[{"embeddable":true,"href":"https:\/\/www.diarioimagen.net\/index.php?rest_route=%2Fwp%2Fv2%2Fcomments&post=635680"}],"version-history":[{"count":0,"href":"https:\/\/www.diarioimagen.net\/index.php?rest_route=\/wp\/v2\/posts\/635680\/revisions"}],"wp:attachment":[{"href":"https:\/\/www.diarioimagen.net\/index.php?rest_route=%2Fwp%2Fv2%2Fmedia&parent=635680"}],"wp:term":[{"taxonomy":"category","embeddable":true,"href":"https:\/\/www.diarioimagen.net\/index.php?rest_route=%2Fwp%2Fv2%2Fcategories&post=635680"},{"taxonomy":"post_tag","embeddable":true,"href":"https:\/\/www.diarioimagen.net\/index.php?rest_route=%2Fwp%2Fv2%2Ftags&post=635680"}],"curies":[{"name":"wp","href":"https:\/\/api.w.org\/{rel}","templated":true}]}}