{"id":635844,"date":"2024-10-04T00:11:13","date_gmt":"2024-10-04T06:11:13","guid":{"rendered":"https:\/\/www.diarioimagen.net\/?p=635844"},"modified":"2024-10-04T01:15:24","modified_gmt":"2024-10-04T07:15:24","slug":"sheinbaum-estadista","status":"publish","type":"post","link":"https:\/\/www.diarioimagen.net\/?p=635844","title":{"rendered":"Sheinbaum \u00bfestadista?"},"content":{"rendered":"<h2>\u00cdndice pol\u00edtico<\/h2>\n<h5>Francisco Rodr\u00edguez<\/h5>\n<p>&nbsp;<\/p>\n<p>La labor del estadista no se limita al acto protocolario de cruzarse la banda sobre el pecho.<\/p>\n<p>Ese tiliche est\u00e1 desprestigiado. Incluso lo enlod\u00f3 <strong>L\u00f3pez Obrador<\/strong> cuando se arrastr\u00f3 por el fango para llegar al Acapulco devastado, hace un a\u00f1o, por el hurac\u00e1n \u201cOtis\u201d. \u00a1Y dec\u00eda que no arriesgaba la investidura!<\/p>\n<p>Esa banda ya no representa casi nada. Ha sido convertido en un trapo mercenario, \u00fatil para demostrar lo que no se tiene, lo que nunca se ejerci\u00f3 con patriotismo y dignidad.<\/p>\n<p>Debe demostrase que esa banda tricolor bordada con hilos de oro es, desde ahora en adelante, la insignia del nacionalismo democr\u00e1tico que se pretende. El orgullo de la mexicanidad por la independencia y la soberan\u00eda cueste lo que cueste.<\/p>\n<p>La decisi\u00f3n de limpiar los establos de corruptos, de restaurar la equidad, honrar el voto mayoritario, s\u00ed, pero tambi\u00e9n y, sobre todo, respetar a quienes no votaron por quien ya es Presidente, la se\u00f1ora <strong>Claudia Sheinbaum<\/strong>.<\/p>\n<p>Pareciera un sue\u00f1o de opio, pero lo deseable es que nunca m\u00e1s el pretexto simb\u00f3lico otorgado a los morenistas que nos avergonzaron ante la comunidad internacional, que convirtieron al pa\u00eds en \u201cun corral\u201d \u2014<strong>Ernesto Zedillo<\/strong>, dixit\u2014 para inmigrantes a cambio de d\u00f3lares devaluados de un Imperio en declive, que nulificaron la voz de las conciencias, que destrozaron hasta los sentimientos nacionales en pos de su aventura descocada de perpetuidad en el poder y de un cambio de r\u00e9gimen.<\/p>\n<p>De Sheinbaum se espera que sea estadista.<\/p>\n<p>Que no s\u00f3lo gobierne para los pros\u00e9litos de la 4T, la mayor\u00eda de ellos \u201ccomprados\u201d con apoyos econ\u00f3micos y sin la m\u00ednima idea de qu\u00e9 fue por lo que votaron. De para qu\u00e9 asisten \u201cacarreados\u201d al Z\u00f3calo.<\/p>\n<p>Pero en el cierre de discurso de toma de posesi\u00f3n, l\u00e1stima, el \u201c\u00a1viva la Cuarta Transformaci\u00f3n!\u201d, indica que como lo hizo su antecesor, en el proyecto de Sheinbaum estar\u00e1n excluidos quienes no le sigan la corriente.<\/p>\n<p>Y eso no es propio de quien se dice dem\u00f3crata.<\/p>\n<p>De quien de dientes para fuera repite que gobernar\u00e1 \u201cpara todos y todas\u201d.<\/p>\n<p>Pocos, muy pocos se lo creen.<\/p>\n<p style=\"text-align: center;\"><strong>\u00bfHabr\u00e1 capacidad de respuesta?<\/strong><\/p>\n<p>Y de su equipo, \u00bfqu\u00e9 esperar si, tan s\u00f3lo para empezar, no es suyo? Fue, es y ser\u00e1 de ese otro ya <strong>innombrable<\/strong> que es su antecesor.<\/p>\n<p>Habr\u00eda que recordar que ese viejo ma\u00f1oso que fue Don <strong>Adolfo Ruiz Cortines<\/strong>, el que dijo que los pol\u00edticos deber\u00edan ser \u201czurcidores de almas en desgracia\u201d, tambi\u00e9n se\u00f1al\u00f3, a pregunta expresa sobre su equipo de trabajo en la Presidencia: \u201ctodos somos distintos, como los dedos de la mano, pero en el momento de empu\u00f1arla, todos somos iguales y compactos\u201d.<\/p>\n<p>\u00bfLe responder\u00e1n de la misma forma a Sheinbaum las <strong><em>Rosa Icelas<\/em><\/strong>, los <strong><em>Ebrards<\/em><\/strong>, por ejemplo? No es el caso.<\/p>\n<p>Don Adolfo sab\u00eda de lo que hablaba, pues del mismo modo que confiaba en los diferentes, era implacable a la hora de pedir cuentas. Once cabezas de gobernadores rodaron en los primeros meses de su sexenio, fundamentalmente ahijados de <strong>Miguel Alem\u00e1n<\/strong> que no quisieron hacer caso del llamado a la honestidad.\u00a0 \u00bfProceder\u00eda igual do\u00f1a Claudia con los <strong><em>Rochas<\/em><\/strong>, de Sinaloa, las <strong><em>Evelyn<\/em><\/strong>, de Guerrero, los <strong><em>Rutilios<\/em><\/strong>, de Chiapas? Tampoco lo creo.<\/p>\n<p>Cierto. Hoy el pa\u00eds es otro. Ha cambiado en las reglas de la democracia representativa y esperamos que en las de la participativa.<\/p>\n<p>Pero en el fondo, las m\u00e1ximas de lealtad, disciplina y sentido de la proporci\u00f3n de las cosas siguen siendo las mismas.<\/p>\n<p>Aplican igual para todos, en mayor medida para los m\u00e1s cercanos al poder del hombre de Tepetit\u00e1n que es a quien deben su 90% de lealtad y, generosamente digamos, su 10% de capacidad.<\/p>\n<p>No basta con decirlo una vez. Hay que repetirlo hasta el cansancio:<\/p>\n<p>AMLO hereda a la sucesora un crucigrama de la desigualdad, un pa\u00eds sin ley, una seguridad p\u00fablica destrozada, y una seguridad nacional entregada sin concesiones al poder de fuego de las armas privadas\u2026<\/p>\n<p>\u2026 y de los obuses internacionales provenientes del negocio del trasiego y la merca de presiones sobre la econom\u00eda popular y la convivencia pac\u00edfica de los mexicanos.<\/p>\n<p>El poder que exist\u00eda fue utilizado para llenar esos bolsillos, para masacrar a los inocentes, para desaparecer a los adversarios de ese modo indigno de vida.<\/p>\n<p>\u201cEl primer piso\u201d de la 4T trajo a M\u00e9xico una caterva de ignorantes, improvisados y descastados que hoy dejan como legado problemas may\u00fasculos, m\u00e1s grandes e incontrolables que todos los que conocieron las \u00faltimas generaciones.<\/p>\n<p>\u00bfHabr\u00e1 capacidad para solucionarlos?<\/p>\n<p style=\"text-align: center;\"><strong>\u00bfAbolir\u00e1 las recientes reformas?<\/strong><\/p>\n<p>Lleg\u00f3 el momento de pactar un nuevo acuerdo nacional.<\/p>\n<p>El que prevalec\u00eda fue echado al ca\u00f1o en el pasado reciente por la arbitrariedad reinante, la corrupci\u00f3n, la molicie, la imposici\u00f3n y la barbarie que imped\u00edan cualquier posibilidad de empezar seriamente a reconstruir el pa\u00eds, restaurar el poder,\u00a0 acabar con el desenfreno.<\/p>\n<p>Es la hora de la justicia jur\u00eddica, social, econ\u00f3mica y pol\u00edtica. Cimentar las bases s\u00f3lidas de lo que queremos ser en lo inmediato, siquiera en el futuro previsible. Retornar a la racionalidad, la sensatez, la equidad, las formas de civilizaci\u00f3n y de cultura que signifiquen la convivencia. Retomar la senda que los fundadores de la Naci\u00f3n nos legaron.<\/p>\n<p>Abolir la reforma judicial que deforma a ese Poder. Reformar lo reformado en cuanto a la militarizaci\u00f3n de la Guardia Nacional son tareas colosales y urgentes. Ojal\u00e1 se atreva.<\/p>\n<p>Un entendimiento com\u00fan sobre las metas esenciales y los procedimientos para lograrlas. Un aut\u00e9ntico blindaje democr\u00e1tico que se ajuste a la necesidad ineludible de recuperar un sistema de vida que se funde en el constante mejoramiento material, cultural y social del pueblo.<\/p>\n<p>Es la hora de las definiciones, ahora que a\u00fan se puede\u2026 y se debe.<\/p>\n<p>Tiempo ya, tambi\u00e9n, de cortar de tajo la mezcla de negocios y pol\u00edtica, el patrimonialismo que caracteriz\u00f3 a los hijos, parientes y allegados del fundador y a\u00fan l\u00edder indiscutible de Morena.<\/p>\n<p>Lleg\u00f3 la hora de detener, en consenso, el poder omn\u00edmodo de los cacicazgos regionales y nacionales, los barruntos de balcanizaci\u00f3n, el crecimiento exponencial de la violencia criminal, el rezago educativo, la inseguridad cr\u00f3nica, el debilitamiento constante del Estado y la capacidad de fuego de los poderes extralegales.<\/p>\n<p>Cortar de tajo la cereza de un pastel macabro sustentado sobre el corporativismo corrupto, el patrimonialismo, la influencia indebida de los socios, coyotes y familiares en las decisiones p\u00fablicas, la mezcla de negocios y pol\u00edtica y el control sobre el dinero que inclina balanzas electorales, pero en serio.<\/p>\n<p>Mientras m\u00e1s tardemos en aceptar e iniciar un nuevo acuerdo, contribuiremos a fortalecer las resistencias, los embates de los grupos de poder que se benefician de un tiempo y de un espacio que nunca les ha pertenecido.<\/p>\n<p>Sheinbaum no tiene derecho a fallarle a la historia.<\/p>\n<p>Menos a recurrir a la c\u00f3moda amnesia.\u00a0 Debe empezar por limpiar la casa de sus enemigos jurados, muchos de ellos dentro de su propio partido, Morena.<\/p>\n<p style=\"text-align: center;\"><strong>Indicios<\/strong><\/p>\n<p>El diferendo con Espa\u00f1a iniciado por <strong>Beatriz Guti\u00e9rrez M\u00fcller<\/strong> y llevado a la pr\u00e1ctica por su <strong><em>hubbie<\/em><\/strong> \u2014maridito, en ingl\u00e9s\u2014 L\u00f3pez Obrador ya sobrepas\u00f3 los l\u00edmites al llegar a los insultos. Fue el vocero del partido ultraderechista Vox, <strong>Alejandro Nolasco, <\/strong>\u00a0quien rebaj\u00f3 el in\u00fatil y del todo innecesario debate, a la calificar a la Presidente Sheinbaum como \u201canalfabeta\u201d e \u201cignorante\u201d. A lo mejor lo es en materia de Historia, pero como se dice por ah\u00ed, es nuestra analfabeta y es nuestra ignorante. <strong>* * *<\/strong> Por hoy es todo. Reconozco la lectura que usted ha hecho de este \u00cdndice Pol\u00edtico. Y como siempre le deseo \u00a1buenas gracias y muchos, muchos d\u00edas!<\/p>\n<p><em><u><a href=\"http:\/\/www.indicepolitico.com\" target=\"_blank\" rel=\"noopener noreferrer\">www.indicepolitico.com<\/a><\/u><u><br \/>\n<\/u><a href=\"mailto:indicepolitico@gmail.com\" target=\"_blank\" rel=\"noopener noreferrer\">indicepolitico@gmail.com<\/a><\/em><br \/>\n<em><a href=\"https:\/\/twitter.com\/indicepolitico?lang=es\" target=\"_blank\" rel=\"noopener noreferrer\">@IndicePolitico<\/a><\/em><br \/>\n<em><u><a href=\"https:\/\/twitter.com\/pacorodriguez\" target=\"_blank\" rel=\"noopener noreferrer\">@pacorodriguez<\/a><\/u><\/em><\/p>\n","protected":false},"excerpt":{"rendered":"<p><span style=\"color: #005497;\"><strong>Francisco Rodr\u00edguez<\/strong><\/span><\/p>\n","protected":false},"author":3,"featured_media":0,"comment_status":"open","ping_status":"open","sticky":false,"template":"","format":"standard","meta":{"_monsterinsights_skip_tracking":false,"_monsterinsights_sitenote_active":false,"_monsterinsights_sitenote_note":"","_monsterinsights_sitenote_category":0,"footnotes":""},"categories":[549],"tags":[43689,550,43674],"class_list":["post-635844","post","type-post","status-publish","format-standard","hentry","category-francisco-rodriguez","tag-francisco-rodriguez","tag-indice-politico","tag-opinion"],"_links":{"self":[{"href":"https:\/\/www.diarioimagen.net\/index.php?rest_route=\/wp\/v2\/posts\/635844","targetHints":{"allow":["GET"]}}],"collection":[{"href":"https:\/\/www.diarioimagen.net\/index.php?rest_route=\/wp\/v2\/posts"}],"about":[{"href":"https:\/\/www.diarioimagen.net\/index.php?rest_route=\/wp\/v2\/types\/post"}],"author":[{"embeddable":true,"href":"https:\/\/www.diarioimagen.net\/index.php?rest_route=\/wp\/v2\/users\/3"}],"replies":[{"embeddable":true,"href":"https:\/\/www.diarioimagen.net\/index.php?rest_route=%2Fwp%2Fv2%2Fcomments&post=635844"}],"version-history":[{"count":0,"href":"https:\/\/www.diarioimagen.net\/index.php?rest_route=\/wp\/v2\/posts\/635844\/revisions"}],"wp:attachment":[{"href":"https:\/\/www.diarioimagen.net\/index.php?rest_route=%2Fwp%2Fv2%2Fmedia&parent=635844"}],"wp:term":[{"taxonomy":"category","embeddable":true,"href":"https:\/\/www.diarioimagen.net\/index.php?rest_route=%2Fwp%2Fv2%2Fcategories&post=635844"},{"taxonomy":"post_tag","embeddable":true,"href":"https:\/\/www.diarioimagen.net\/index.php?rest_route=%2Fwp%2Fv2%2Ftags&post=635844"}],"curies":[{"name":"wp","href":"https:\/\/api.w.org\/{rel}","templated":true}]}}