{"id":635848,"date":"2024-10-04T00:15:56","date_gmt":"2024-10-04T06:15:56","guid":{"rendered":"https:\/\/www.diarioimagen.net\/?p=635848"},"modified":"2024-10-08T01:01:04","modified_gmt":"2024-10-08T07:01:04","slug":"2-de-octubre-no-se-olvida-2","status":"publish","type":"post","link":"https:\/\/www.diarioimagen.net\/?p=635848","title":{"rendered":"\u00bf2\u00a0de\u00a0octubre\u00a0no\u00a0se\u00a0olvida?"},"content":{"rendered":"<h2>Por la Derecha..!<\/h2>\n<h5>Luis \u00c1ngel Garc\u00eda<\/h5>\n<p>&nbsp;<\/p>\n<p>En 1968 el mundo se convulsion\u00f3 con manifestaciones estudiantiles que pasaron de la protesta universitaria a la exigencia de un nuevo orden social; M\u00e9xico no fue ajeno a ese movimiento mundial que se inici\u00f3 con una pelea callejera entre dos planteles educativos que devino en una represi\u00f3n gubernamental con un n\u00famero indeterminado de muertos y cientos de j\u00f3venes encarcelados.<\/p>\n<p>Sin duda, el sacrificio de esos alumnos no fue en vano; lograron, junto con la remoci\u00f3n de jefes policiacos, cambios en la legislaci\u00f3n penal y una apertura democr\u00e1tica que se concret\u00f3 al inicio de los setenta. Tambi\u00e9n sirvi\u00f3 ese episodio, junto con el jueves de Corpus en 1971, para que los sobrevivientes hicieran de esas masacres su modo de vida y, agarrados de la a\u00f1oranza por los reprimidos y las consignas de un cambio social, hoy viven del presupuesto y de la extorsi\u00f3n a reg\u00edmenes anteriores a la 4T.<\/p>\n<p>A m\u00e1s de medio siglo de la matanza de Tlatelolco y del \u201chalconazo\u201d, la mayor\u00eda de los protagonistas han fallecido y los pocos que subsisten han vivido del recuerdo, incursionan en la pol\u00edtica o son servidores p\u00fablicos, pero poco hacen por incidir en los cambios sociales que requiere el M\u00e9xico de la presente centuria. Al tiempo, habr\u00e1 que analizar la trascendencia de los movimientos estudiantiles. Al inicio, las reivindicaciones solo eran por la liberaci\u00f3n de los presos, el cese de los mandos policiacos y la derogaci\u00f3n en el C\u00f3digo Penal del delito de disoluci\u00f3n social. Pronto vendr\u00edan los Juegos Ol\u00edmpicos y aunque los ojos del mundo se centraban en el pa\u00eds, los gobiernos extranjeros tambi\u00e9n enfrentaban conflictos estudiantiles. El mal manejo de la situaci\u00f3n convirti\u00f3 una revuelta estudiantil en crisis pol\u00edtica.<\/p>\n<p>En todo el orbe, si bien hubo un nuevo orden pol\u00edtico y social, los estudiantes fueron reprimidos, no s\u00f3lo por un exceso policial, sino para preservar el orden. Pol\u00e9mico es definir qu\u00e9 tiene que hacer un Estado para lograr la estabilidad. Hoy como hace 56 a\u00f1os, los gobiernos est\u00e1n obligados a mantener la cohesi\u00f3n social y lograr los consensos por medio de la negociaci\u00f3n pol\u00edtica, pero cuando uno de los interlocutores recurre a la violencia -nunca justificada-, se debe recurrir al uso leg\u00edtimo de la fuerza. Lo hicieron entonces y lo deben hacer hoy.<\/p>\n<p>Los m\u00e1rtires del 68 y del 71 trascendieron porque lograron una apertura democr\u00e1tica que permiti\u00f3 el acceso de la oposici\u00f3n al poder y lograr muchas reivindicaciones sociales.<\/p>\n<p>Es un exceso que m\u00e1s de medio siglo despu\u00e9s se sigan enarbolando las banderas sesenteras como si no hubiera avance en la vida democr\u00e1tica de una naci\u00f3n. Peor a\u00fan elevar el martirologio estudiantil a los muros de un recinto legislativo u ofrecer una disculpa p\u00fablica por cr\u00edmenes de lesa humanidad a la acci\u00f3n represora pero leg\u00edtima de un gobierno. Esa acci\u00f3n cambi\u00f3 para bien el destino de una naci\u00f3n.<\/p>\n<p>El gobierno de la CDMX comunic\u00f3 que al t\u00e9rmino de las manifestaciones conmemorativas del 2 de octubre el saldo era blanco. Falso, cobardes encapuchados, seudo estudiantes del \u201cbloque negro\u201d agredieron a polic\u00edas -varios de ellos hospitalizados-, retaron a la autoridad, destruyeron edificios p\u00fablicos y comercios, incendiaron instalaciones del Metro y el edificio postal -patrimonio de los mexicanos-, eso es ingobernabilidad o complicidad con grupos sociales afines ideol\u00f3gicamente al gobierno en turno.<\/p>\n<p>El mal manejo pol\u00edtico en el 68 y en el 71 provocaron que un conflicto estudiantil se convirtiera en generadora de una crisis social y eso puede repetirse. Las administraciones de izquierda no deben temerle a hacer uso leg\u00edtimo de la fuerza cuando est\u00e1 en peligro el pacto social. El 2 de octubre s\u00f3lo es ya un pretexto al que no debe sumarse el nuevo gobierno.<\/p>\n","protected":false},"excerpt":{"rendered":"<p><span style=\"color: #005497;\"><strong>Luis \u00c1ngel Garc\u00eda<\/strong><\/span><\/p>\n","protected":false},"author":3,"featured_media":0,"comment_status":"open","ping_status":"open","sticky":false,"template":"","format":"standard","meta":{"_monsterinsights_skip_tracking":false,"_monsterinsights_sitenote_active":false,"_monsterinsights_sitenote_note":"","_monsterinsights_sitenote_category":0,"footnotes":""},"categories":[92115],"tags":[92117,43674,92116],"class_list":["post-635848","post","type-post","status-publish","format-standard","hentry","category-luis-angel-garcia","tag-luis-angel-garcia","tag-opinion","tag-por-la-derecha"],"_links":{"self":[{"href":"https:\/\/www.diarioimagen.net\/index.php?rest_route=\/wp\/v2\/posts\/635848","targetHints":{"allow":["GET"]}}],"collection":[{"href":"https:\/\/www.diarioimagen.net\/index.php?rest_route=\/wp\/v2\/posts"}],"about":[{"href":"https:\/\/www.diarioimagen.net\/index.php?rest_route=\/wp\/v2\/types\/post"}],"author":[{"embeddable":true,"href":"https:\/\/www.diarioimagen.net\/index.php?rest_route=\/wp\/v2\/users\/3"}],"replies":[{"embeddable":true,"href":"https:\/\/www.diarioimagen.net\/index.php?rest_route=%2Fwp%2Fv2%2Fcomments&post=635848"}],"version-history":[{"count":0,"href":"https:\/\/www.diarioimagen.net\/index.php?rest_route=\/wp\/v2\/posts\/635848\/revisions"}],"wp:attachment":[{"href":"https:\/\/www.diarioimagen.net\/index.php?rest_route=%2Fwp%2Fv2%2Fmedia&parent=635848"}],"wp:term":[{"taxonomy":"category","embeddable":true,"href":"https:\/\/www.diarioimagen.net\/index.php?rest_route=%2Fwp%2Fv2%2Fcategories&post=635848"},{"taxonomy":"post_tag","embeddable":true,"href":"https:\/\/www.diarioimagen.net\/index.php?rest_route=%2Fwp%2Fv2%2Ftags&post=635848"}],"curies":[{"name":"wp","href":"https:\/\/api.w.org\/{rel}","templated":true}]}}