{"id":635854,"date":"2024-10-04T00:10:31","date_gmt":"2024-10-04T06:10:31","guid":{"rendered":"https:\/\/www.diarioimagen.net\/?p=635854"},"modified":"2024-10-04T01:22:31","modified_gmt":"2024-10-04T07:22:31","slug":"en-busca-de-alternativas","status":"publish","type":"post","link":"https:\/\/www.diarioimagen.net\/?p=635854","title":{"rendered":"En busca de alternativas"},"content":{"rendered":"<h2>De frente y de perfil<\/h2>\n<h5>Ram\u00f3n Zurita Sahag\u00fan<\/h5>\n<p>&nbsp;<\/p>\n<p>El ascenso de Claudia Sheinbaum Pardo a la Presidencia de la Rep\u00fablica no dej\u00f3 satisfechos a diversos personajes que se opusieron a la consolidaci\u00f3n de la 4T.<\/p>\n<p>Son los mismos que desde antes de la elecci\u00f3n del 2 de junio dijeron estar dispuestos a construir un gran frente opositor, partiendo desde la sociedad civil, la misma que tanto presumieron con las marchas de la llamada \u201cmarea rosa\u201d, pero que no se reflej\u00f3 en las urnas.<\/p>\n<p>Son personajes que se proclamaron como los convocantes a esas grandes concentraciones de entre 200 y 500 mil personas que marcharon por las calles de la CDMX y desembocaron en el Z\u00f3calo y que un n\u00famero parecido lo hizo en distintas ciudades del pa\u00eds. Ahora se manifiestan m\u00e1s organizados e iniciaron su recorrido por todo el pa\u00eds, llamando a la integraci\u00f3n del llamado Frente C\u00edvico Nacional.<\/p>\n<p>Tienen ya su formato por el que, conf\u00edan, habr\u00e1n de reclutar a los millones de personas que muestran total desinter\u00e9s por la actividad pol\u00edtica y que han sido renuentes a emitir su voto. Estas personas que representan el cuarenta por ciento de la abulia electoral lejos est\u00e1n de constituirse en un partido nuevo y sumarse a un Frente C\u00edvico, donde los convocantes son pol\u00edticos que se asumen como ciudadanos, pero que tienen una larga vida pol\u00edtica.<\/p>\n<p>La tarea no es sencilla, pues M\u00e9xico es un pa\u00eds, donde los ciudadanos no son demasiado part\u00edcipes en las urnas electorales y que no rebasan m\u00e1s all\u00e1 del sesenta por ciento de los que cumplen con su deber c\u00edvico de elegir a sus autoridades.<\/p>\n<p>En la pasada elecci\u00f3n se pens\u00f3 que ser\u00eda una copiosa votaci\u00f3n la que se tendr\u00eda, incluso se lleg\u00f3 a calcular que podr\u00edan rebasar el 65 por ciento de los empadronados y apenas se lleg\u00f3 al sesenta por ciento, dejando en claro que los electores requieren de una motivaci\u00f3n especial para acudir a sufragar.<\/p>\n<p>Con todo y ello, los convocantes del Frente C\u00edvico Nacional decidieron salirse a los estados a la b\u00fasqueda del convencimiento ciudadano y que este se una en esta gran cruzada que lleva como prop\u00f3sito la conformaci\u00f3n de un gran Frente C\u00edvico Nacional.<\/p>\n<p>Y es que, ante la ca\u00edda de la votaci\u00f3n en favor de los partidos pol\u00edticos tradicionales, hoy en la oposici\u00f3n, la mesa parece puesta para consolidar una gran fuerza electoral. En estas circunstancias la ocasi\u00f3n podr\u00eda parecer propicia, pero la gran desconfianza asoma cuando se ve los nombres de quienes son los convocantes que buscar\u00e1n sumar millones en el FCN.<\/p>\n<p>Los nombres van desde ex priistas como Beatriz Pag\u00e9s, Juan Francisco Torres Landa y Rosario Guerra; experredistas como Guadalupe Acosta y Ren\u00e9 Arce, Denisse Meade, cercana al PAN, Cecilia Soto excandidata presidencial expetista y exparmista, as\u00ed como otros personajes que abjuran de los partidos pol\u00edticos, pero que en su momento ocuparon posiciones legislativas por esos partidos.<\/p>\n<p>El Frente C\u00edvico Nacional quiere estar consolidado para participar en los comicios federales de 2027 con sus propios candidatos, que habr\u00e1n de ser los mismos que lo andan organizando. Veremos que respuesta reciben de la gente, aunque por ahora se encuentran en la etapa de consulta ciudadana.<\/p>\n<p style=\"text-align: center;\"><strong>*****<\/strong><\/p>\n<p>Con el firme prop\u00f3sito de regresar a la poblaci\u00f3n tabasque\u00f1a la confianza en sus instituciones, para un mejor desarrollo de la entidad y bienestar de los ciudadanos, el gobernador Javier May se comprometi\u00f3 a devolver la tranquilidad y la paz al pueblo de Tabasco. May informar\u00e1 todos los lunes sobre los avances en el combate a la inseguridad y afirm\u00f3 que no habr\u00e1 pacto de ninguna clase con el crimen organizado, ni con los delincuentes de cuello blanco\u2026 Rub\u00e9n Rocha Moya se mantiene firme en el gobierno de Sinaloa, el mandatario estatal dice que tiene el respaldo del pueblo y de la presidente Claudia Sheinbaum, sin importar que la violencia en esa entidad no cesa.<\/p>\n<p><em><a href=\"mailto:ramonzurita44@hotmail.com\" target=\"_blank\" rel=\"noopener noreferrer\">ramonzurita44@hotmail.com<\/a><br \/>\n<a href=\"mailto:ramonzurita44@gmail.com\" target=\"_blank\" rel=\"noopener\">ramonzurita44@gmail.com<\/a><\/em><\/p>\n","protected":false},"excerpt":{"rendered":"<p><span style=\"color: #005497;\"><strong>Ram\u00f3n Zurita Sahag\u00fan<\/strong><\/span><\/p>\n","protected":false},"author":3,"featured_media":0,"comment_status":"open","ping_status":"open","sticky":false,"template":"","format":"standard","meta":{"_monsterinsights_skip_tracking":false,"_monsterinsights_sitenote_active":false,"_monsterinsights_sitenote_note":"","_monsterinsights_sitenote_category":0,"footnotes":""},"categories":[234],"tags":[304,43674,43687],"class_list":["post-635854","post","type-post","status-publish","format-standard","hentry","category-ramon-zurita-sahagun","tag-de-frente-y-de-perfil","tag-opinion","tag-ramon-zurita-sahagun"],"_links":{"self":[{"href":"https:\/\/www.diarioimagen.net\/index.php?rest_route=\/wp\/v2\/posts\/635854","targetHints":{"allow":["GET"]}}],"collection":[{"href":"https:\/\/www.diarioimagen.net\/index.php?rest_route=\/wp\/v2\/posts"}],"about":[{"href":"https:\/\/www.diarioimagen.net\/index.php?rest_route=\/wp\/v2\/types\/post"}],"author":[{"embeddable":true,"href":"https:\/\/www.diarioimagen.net\/index.php?rest_route=\/wp\/v2\/users\/3"}],"replies":[{"embeddable":true,"href":"https:\/\/www.diarioimagen.net\/index.php?rest_route=%2Fwp%2Fv2%2Fcomments&post=635854"}],"version-history":[{"count":0,"href":"https:\/\/www.diarioimagen.net\/index.php?rest_route=\/wp\/v2\/posts\/635854\/revisions"}],"wp:attachment":[{"href":"https:\/\/www.diarioimagen.net\/index.php?rest_route=%2Fwp%2Fv2%2Fmedia&parent=635854"}],"wp:term":[{"taxonomy":"category","embeddable":true,"href":"https:\/\/www.diarioimagen.net\/index.php?rest_route=%2Fwp%2Fv2%2Fcategories&post=635854"},{"taxonomy":"post_tag","embeddable":true,"href":"https:\/\/www.diarioimagen.net\/index.php?rest_route=%2Fwp%2Fv2%2Ftags&post=635854"}],"curies":[{"name":"wp","href":"https:\/\/api.w.org\/{rel}","templated":true}]}}