{"id":635946,"date":"2024-10-07T00:01:33","date_gmt":"2024-10-07T06:01:33","guid":{"rendered":"https:\/\/www.diarioimagen.net\/?p=635946"},"modified":"2024-10-07T23:19:39","modified_gmt":"2024-10-08T05:19:39","slug":"se-borran-626-mil-770-empleos-en-agosto-reporta-el-inegi","status":"publish","type":"post","link":"https:\/\/www.diarioimagen.net\/?p=635946","title":{"rendered":"Se borran 626 mil 770 empleos en agosto, reporta\u00a0el Inegi"},"content":{"rendered":"<p>&nbsp;<\/p>\n<ul>\n<li><em><strong>Disminuye poblaci\u00f3n ocupada<\/strong><\/em><\/li>\n<\/ul>\n<p>&nbsp;<\/p>\n<div id=\"attachment_636033\" style=\"width: 470px\" class=\"wp-caption aligncenter\"><a href=\"https:\/\/www.diarioimagen.net\/?attachment_id=636033\" rel=\"attachment wp-att-636033\"><img loading=\"lazy\" decoding=\"async\" aria-describedby=\"caption-attachment-636033\" class=\"size-full wp-image-636033\" src=\"https:\/\/www.diarioimagen.net\/wp-content\/uploads\/2024\/10\/se-borran-empleos.jpg\" alt=\"\" width=\"460\" height=\"270\" srcset=\"https:\/\/www.diarioimagen.net\/wp-content\/uploads\/2024\/10\/se-borran-empleos.jpg 460w, https:\/\/www.diarioimagen.net\/wp-content\/uploads\/2024\/10\/se-borran-empleos-240x141.jpg 240w\" sizes=\"auto, (max-width: 460px) 100vw, 460px\" \/><\/a><p id=\"caption-attachment-636033\" class=\"wp-caption-text\">El mercado laboral en M\u00e9xico tuvo un comportamiento negativo en agosto y elimin\u00f3 626,770 puestos de trabajo, seg\u00fan encuesta del Inegi.<\/p><\/div>\n<p>&nbsp;<\/p>\n<p>La ocupaci\u00f3n en M\u00e9xico observ\u00f3 un retroceso en agosto, al perderse 626 mil 770 empleos respecto al mes anterior, de acuerdo con cifras de la Encuesta Nacional de Ocupaci\u00f3n y Empleo (ENOE), del Instituto Nacional de Estad\u00edstica y Geograf\u00eda (Inegi).<\/p>\n<p>En el octavo mes de 2024 el n\u00famero de hombres y mujeres y hombres ocupados de la poblaci\u00f3n econ\u00f3micamente activa (PEA) ascendi\u00f3 a 59 millones 700 mil personas, dato que fue mayor en 518 mil puestos laborales en comparaci\u00f3n con igual periodo de 2023.<\/p>\n<p>El retroceso mensual observado en el mercado laboral se explic\u00f3 por una mayor p\u00e9rdida de puestos de la poblaci\u00f3n masculina, la cual fue de m\u00e1s de 345 mil empleos, al ubicarse en 35 millones 478 mil. No obstante, aumentaron m\u00e1s de 195 mil.<\/p>\n<p>En el caso de las mujeres, el n\u00famero de personas ocupadas ascendi\u00f3 a m\u00e1s de 24 millones 221 mil, dato que mostr\u00f3 una eliminaci\u00f3n de 281 mil puestos laborales, aunque aument\u00f3 en 323 mil frente al dato de 2023.<\/p>\n<p>El total de la PEA en agosto fue de 61 millones 570 mil personas, dato que mostr\u00f3 un retroceso de m\u00e1s de 575 mil frente a julio. En comparaci\u00f3n con el a\u00f1o pasado, aument\u00f3 en 586 mil.<\/p>\n<p>La poblaci\u00f3n desocupada de la PEA en total fue de un mill\u00f3n 870 mil, lo que se tradujo en aumentos de 67 mil respecto a agosto del a\u00f1o pasado y 50 mil mensual.<\/p>\n<p>En el empleo formal se eliminaron 158 mil plazas, mientras que en el informal 468 mil puestos de trabajo.<\/p>\n<p>La tasa de desempleo en el octavo mes fue de 3.04 por ciento, la cual fue mayor al 2.93 por ciento observado en julio. La tasa de subocupaci\u00f3n fue de 8.0 por ciento en el mes de referencia, dato que observ\u00f3 un retroceso mensual, pues en el lapso anterior fue de 8.1 por ciento.<\/p>\n<p style=\"text-align: center;\"><strong>Crecimiento de la Poblaci\u00f3n No Econ\u00f3micamente Activa<\/strong><\/p>\n<p>La baja en la ocupaci\u00f3n se reflej\u00f3 en mayor medida en un crecimiento de la Poblaci\u00f3n No Econ\u00f3micamente Activa (PNEA), a la cual se sumaron poco m\u00e1s de un mill\u00f3n de personas, la mayor\u00eda se clasificaron como \u201cno disponibles\u201d.<\/p>\n<p>\u201cEsto puede deberse a varios motivos, pero es importante tener en cuenta que la mayor\u00eda de las personas que pertenecen a esta poblaci\u00f3n son retirados, estudiantes o personas que laboran en el hogar. El fuerte aumento en la poblaci\u00f3n no disponible sugiere que la p\u00e9rdida de empleos no es necesariamente un deterioro del mercado laboral\u201d, apunta Gabriela Siller, directora de An\u00e1lisis Econ\u00f3mico y Financiero de Banco Base. El 74.7% de los puestos de trabajo eliminados se concentraron en la informalidad. El empleo formal tuvo una reducci\u00f3n m\u00e1s moderada con una contracci\u00f3n de 158,414 plazas.<\/p>\n<p>\u201cEs muy com\u00fan observar disminuciones en la tasa de informalidad cuando la poblaci\u00f3n ocupada disminuye en grandes magnitudes, ya que en el mercado informal existe menos estabilidad para los trabajadores. No obstante, a pesar de la disminuci\u00f3n, la tasa a\u00fan se ubica en niveles altos, y el fomento de la formalidad laboral presenta uno de los retos m\u00e1s importantes para el sexenio actual\u201d, afirma Gabriela Siller.<\/p>\n<p>Debido a esto, la tasa de informalidad tuvo un ligero descenso mensual de 54.5 a 54.3 por ciento. En lo que va del a\u00f1o, el indicador ha crecido 0.7 puntos porcentuales.<\/p>\n<p>Por otra parte, el trabajo subordinado fue el rengl\u00f3n con mayor retroceso con una disminuci\u00f3n de 410,239 puestos laborales, seguido de los empleadores (-255,917). El trabajo por cuenta propia fue el \u00fanico con crecimiento, sum\u00f3 a 129,359 personas a la poblaci\u00f3n ocupada.<\/p>\n<p style=\"text-align: center;\"><strong>Manufactura y restaurantes, los llaneros solitarios<\/strong><\/p>\n<p>Por sectores econ\u00f3micos, el \u00fanico que tuvo un comportamiento positivo fue el industrial. Al interior de este, la manufactura es el rengl\u00f3n con generaci\u00f3n de empleo, sum\u00f3 388,499 a la poblaci\u00f3n ocupada y amortigu\u00f3 la ca\u00edda de 185,114 plazas en la construcci\u00f3n.<\/p>\n<p>Las actividades de servicio fueron las que reportaron la mayor p\u00e9rdida de empleo. S\u00f3lo el trabajo en restaurantes mostr\u00f3 un saldo positivo con 301,460 puestos, el resto de los subsectores tuvo cifras negativas, destacan los servicios sociales (-420,316), gobierno (-211,729) y comercio (140,254).<\/p>\n<p>La reducci\u00f3n de los niveles de ocupaci\u00f3n fue complementada por las actividades en agricultura, ganader\u00eda y pesca con una eliminaci\u00f3n de 226,815 empleos.<\/p>\n","protected":false},"excerpt":{"rendered":"<p>La ocupaci\u00f3n en M\u00e9xico observ\u00f3 un retroceso en agosto, al perderse 626 mil 770 empleos respecto al mes anterior, de acuerdo con cifras de la Encuesta Nacional de Ocupaci\u00f3n y Empleo (ENOE), del Instituto Nacional de Estad\u00edstica y Geograf\u00eda (Inegi).<\/p>\n","protected":false},"author":3,"featured_media":636033,"comment_status":"open","ping_status":"open","sticky":false,"template":"","format":"standard","meta":{"_monsterinsights_skip_tracking":false,"_monsterinsights_sitenote_active":false,"_monsterinsights_sitenote_note":"","_monsterinsights_sitenote_category":0,"footnotes":""},"categories":[17,8],"tags":[481,43678,2807,12361],"class_list":["post-635946","post","type-post","status-publish","format-standard","has-post-thumbnail","hentry","category-especiales","category-finanzas","tag-empleo","tag-finanzas","tag-instituto-nacional-de-estadistica-y-geografia","tag-perdida"],"_links":{"self":[{"href":"https:\/\/www.diarioimagen.net\/index.php?rest_route=\/wp\/v2\/posts\/635946","targetHints":{"allow":["GET"]}}],"collection":[{"href":"https:\/\/www.diarioimagen.net\/index.php?rest_route=\/wp\/v2\/posts"}],"about":[{"href":"https:\/\/www.diarioimagen.net\/index.php?rest_route=\/wp\/v2\/types\/post"}],"author":[{"embeddable":true,"href":"https:\/\/www.diarioimagen.net\/index.php?rest_route=\/wp\/v2\/users\/3"}],"replies":[{"embeddable":true,"href":"https:\/\/www.diarioimagen.net\/index.php?rest_route=%2Fwp%2Fv2%2Fcomments&post=635946"}],"version-history":[{"count":0,"href":"https:\/\/www.diarioimagen.net\/index.php?rest_route=\/wp\/v2\/posts\/635946\/revisions"}],"wp:featuredmedia":[{"embeddable":true,"href":"https:\/\/www.diarioimagen.net\/index.php?rest_route=\/wp\/v2\/media\/636033"}],"wp:attachment":[{"href":"https:\/\/www.diarioimagen.net\/index.php?rest_route=%2Fwp%2Fv2%2Fmedia&parent=635946"}],"wp:term":[{"taxonomy":"category","embeddable":true,"href":"https:\/\/www.diarioimagen.net\/index.php?rest_route=%2Fwp%2Fv2%2Fcategories&post=635946"},{"taxonomy":"post_tag","embeddable":true,"href":"https:\/\/www.diarioimagen.net\/index.php?rest_route=%2Fwp%2Fv2%2Ftags&post=635946"}],"curies":[{"name":"wp","href":"https:\/\/api.w.org\/{rel}","templated":true}]}}