{"id":635984,"date":"2024-10-07T00:01:52","date_gmt":"2024-10-07T06:01:52","guid":{"rendered":"https:\/\/www.diarioimagen.net\/?p=635984"},"modified":"2024-10-07T01:45:24","modified_gmt":"2024-10-07T07:45:24","slug":"golpe-aguado-de-la-scjn-sheinbaum","status":"publish","type":"post","link":"https:\/\/www.diarioimagen.net\/?p=635984","title":{"rendered":"Golpe aguado de la SCJN: Sheinbaum"},"content":{"rendered":"<h2>Desde el portal<\/h2>\n<h5>\u00c1ngel Soriano<\/h5>\n<p>&nbsp;<\/p>\n<p>Ante quienes consideran que la decisi\u00f3n del pleno de la Suprema Corte de Justicia de la Naci\u00f3n el pasado fin de semana, en el sentido de revisar la reforma judicial que ya est\u00e1 aprobada y publicada en el <em>Diario Oficial de la Federaci\u00f3n<\/em>, fue \u201cun golpe de Estado\u201d, la presidenta Claudia Sheinbaum lo desminti\u00f3 e indic\u00f3 que se trata de \u201cun golpe aguado\u201d.<\/p>\n<p>La ex jefa de Gobierno capitalino dijo que jueces, ministros y magistrados conocen de leyes y saben que esa demanda es improcedente, carece de sustento, pues la Constituci\u00f3n General de la Rep\u00fablica en ninguna parte concede facultades a la Corte para revisar o echar atr\u00e1s una decisi\u00f3n del Congreso de la Uni\u00f3n de reformar la Carta Magna.<\/p>\n<p>El Poder Legislativo s\u00ed tiene facultades, y las ejerce, para modificar el texto constitucional de acuerdo a las circunstancias en beneficio de la poblaci\u00f3n, tomando en cuenta que debe darse el tipo de Gobierno que mejor convenga a sus intereses y para lo cual establece una pr\u00e1ctica parlamentaria, un protocolo, un mecanismo que se ha cumplido debidamente.<\/p>\n<p>Sheinbaum se\u00f1ala que m\u00e1s que desconocimiento de la Ley, el Poder Judicial defiende sus privilegios, no del pueblo, y busca provocar al Ejecutivo y al Legislativo, para luego decir: \u201cya ven, son autoritarios\u201d, pero no caer\u00e1n en la provocaci\u00f3n y la Reforma Judicial en marcha seguir\u00e1 su curso para que la sociedad en su conjunto pueda elegir a sus integrantes\u2026<\/p>\n<p style=\"text-align: center;\"><strong>TURBULENCIAS<br \/>\nNo nacimos para ser pobres: Salom\u00f3n Jara<\/strong><\/p>\n<p>El gobernador Salom\u00f3n Jara Cruz visit\u00f3 Santiago Nejapilla en la Mixteca Oaxaque\u00f1a donde se invertir\u00e1n 2 millones 150 mil en atenci\u00f3n a las necesidades de las y los habitantes, y que se encuentra en el lugar 94 de pobreza a nivel estatal. \u201cEn Oaxaca no nacimos para ser pobres, ese no es nuestro destino. Por eso estamos aqu\u00ed, no ser\u00e1 la \u00fanica vez que venga, volver\u00e9 cuantas veces sea necesario para apoyarles\u201d, indic\u00f3\u2026 Cumpli\u00f3 la maestra Ifigenia Mart\u00ednez y Hern\u00e1ndez hasta el \u00faltimo momento de su existencia. Trasmiti\u00f3 la Banda presidencial del ahora ex presidente Andr\u00e9s Manuel L\u00f3pez Obrador a la doctora Claudia Sheinbaum hace cinco d\u00edas, siendo protagonistas los tres personajes de luchas sociales hist\u00f3ricas que los llevaron al poder. La diputada presidenta de la C\u00e1mara de Diputados cumpli\u00f3 una etapa al lado del legendario Porfirio Mu\u00f1oz Ledo y el ingeniero Cuauht\u00e9moc C\u00e1rdenas y del Senado de la Rep\u00fablica hab\u00eda pasado recientemente a San L\u00e1zaro al igual que el diputado zacatecano Ricardo Monreal. La Presidenta de M\u00e9xico record\u00f3 que vot\u00f3 por ella el 2 de junio para Presidenta y recibi\u00f3 de sus manos la Banda presidencial\u2026Con pleno desconocimiento de lo que establece la Ley, o mintiendo, el gobernador de Sinaloa, Rub\u00e9n Rocha Moya dijo 5 d\u00edas antes de la toma de posesi\u00f3n de la doctora Sheinbaum que le iba a plantear el problema de inseguridad en la entidad. No fue recibido porque carec\u00eda de facultades en ese momento para dar una orden a las fuerzas armadas, y ya siendo presidenta constitucional, le volvi\u00f3 a pedir audiencia, pero fue canalizado con el secretario de Seguridad, Omar Garc\u00eda Harfuch, no con la Defensa, la Marina o la Segob, a cargo de Rosa Icela Rodr\u00edguez, que era a la que le tocaba atenderlo. La canalizaci\u00f3n hacia el senador con licencia demuestra que \u00e9ste jugar\u00e1 y juega un papel importante dentro del Gabinete presidencial; Sinaloa no es caso menor, es una entidad en guerra que tiene la mirada internacional y es motivo de tensi\u00f3n pol\u00edtica con los gringos, por lo que el mensaje real est\u00e1 por conocerse en los pr\u00f3ximos d\u00edas.<\/p>\n<p><u><a href=\"mailto:asorianocarrasco@yahoo.com\" target=\"_blank\" rel=\"noopener noreferrer\"><em>asorianocarrasco@yahoo.com<\/em><\/a><br \/>\n<em><a href=\"https:\/\/revistabrecha.com\" target=\"_blank\" rel=\"noopener noreferrer\">www.revistabrecha.com<\/a><br \/>\n<\/em><\/u><em>facebook oficial <a href=\"https:\/\/es-la.facebook.com\/RevistaBrecha.Oficial\" target=\"_blank\" rel=\"noopener\">@BrechaRevista<\/a><\/em><\/p>\n","protected":false},"excerpt":{"rendered":"<p><span style=\"color: #005497;\"><strong>\u00c1ngel Soriano<\/strong><\/span><\/p>\n","protected":false},"author":3,"featured_media":0,"comment_status":"open","ping_status":"open","sticky":false,"template":"","format":"standard","meta":{"_monsterinsights_skip_tracking":false,"_monsterinsights_sitenote_active":false,"_monsterinsights_sitenote_note":"","_monsterinsights_sitenote_category":0,"footnotes":""},"categories":[135],"tags":[85,86,43674],"class_list":["post-635984","post","type-post","status-publish","format-standard","hentry","category-angel-soriano-opinion","tag-angel-soriano","tag-desde-el-portal","tag-opinion"],"_links":{"self":[{"href":"https:\/\/www.diarioimagen.net\/index.php?rest_route=\/wp\/v2\/posts\/635984","targetHints":{"allow":["GET"]}}],"collection":[{"href":"https:\/\/www.diarioimagen.net\/index.php?rest_route=\/wp\/v2\/posts"}],"about":[{"href":"https:\/\/www.diarioimagen.net\/index.php?rest_route=\/wp\/v2\/types\/post"}],"author":[{"embeddable":true,"href":"https:\/\/www.diarioimagen.net\/index.php?rest_route=\/wp\/v2\/users\/3"}],"replies":[{"embeddable":true,"href":"https:\/\/www.diarioimagen.net\/index.php?rest_route=%2Fwp%2Fv2%2Fcomments&post=635984"}],"version-history":[{"count":0,"href":"https:\/\/www.diarioimagen.net\/index.php?rest_route=\/wp\/v2\/posts\/635984\/revisions"}],"wp:attachment":[{"href":"https:\/\/www.diarioimagen.net\/index.php?rest_route=%2Fwp%2Fv2%2Fmedia&parent=635984"}],"wp:term":[{"taxonomy":"category","embeddable":true,"href":"https:\/\/www.diarioimagen.net\/index.php?rest_route=%2Fwp%2Fv2%2Fcategories&post=635984"},{"taxonomy":"post_tag","embeddable":true,"href":"https:\/\/www.diarioimagen.net\/index.php?rest_route=%2Fwp%2Fv2%2Ftags&post=635984"}],"curies":[{"name":"wp","href":"https:\/\/api.w.org\/{rel}","templated":true}]}}