{"id":636113,"date":"2024-10-08T00:04:14","date_gmt":"2024-10-08T06:04:14","guid":{"rendered":"https:\/\/www.diarioimagen.net\/?p=636113"},"modified":"2024-10-08T01:43:53","modified_gmt":"2024-10-08T07:43:53","slug":"mas-apoyos-en-favor-de-jorge-romero-para-dirigir-el-pan","status":"publish","type":"post","link":"https:\/\/www.diarioimagen.net\/?p=636113","title":{"rendered":"M\u00e1s apoyos en favor de Jorge Romero para dirigir el PAN"},"content":{"rendered":"<p>&nbsp;<\/p>\n<p><a href=\"https:\/\/www.diarioimagen.net\/?attachment_id=636213\" rel=\"attachment wp-att-636213\"><img loading=\"lazy\" decoding=\"async\" class=\"aligncenter size-full wp-image-636213\" src=\"https:\/\/www.diarioimagen.net\/wp-content\/uploads\/2024\/10\/mas-apoyos-en-favor-de-jorge-romero.jpg\" alt=\"\" width=\"460\" height=\"270\" srcset=\"https:\/\/www.diarioimagen.net\/wp-content\/uploads\/2024\/10\/mas-apoyos-en-favor-de-jorge-romero.jpg 460w, https:\/\/www.diarioimagen.net\/wp-content\/uploads\/2024\/10\/mas-apoyos-en-favor-de-jorge-romero-240x141.jpg 240w\" sizes=\"auto, (max-width: 460px) 100vw, 460px\" \/><\/a><\/p>\n<p>&nbsp;<\/p>\n<p><strong>Huixquilucan, Estado de M\u00e9xico.\u2014<\/strong> Durante dos encuentros con l\u00edderes panistas del norte del Estado de M\u00e9xico y del Valle de Toluca, Romina Contreras asegur\u00f3 que la planilla que encabeza Jorge Romero, busca escuchar las propuestas de la militancia para brindarle un rumbo m\u00e1s firme a este instituto pol\u00edtico y que los mexicanos se sientan representados.<\/p>\n<p>Estos encuentros buscan acercar el proyecto de Jorge Romero a la militancia, para dar a conocer sus propuestas, como la de abrir el partido para la ciudadan\u00eda y renovar los comit\u00e9s municipales y juveniles.<\/p>\n","protected":false},"excerpt":{"rendered":"<p>Durante dos encuentros con l\u00edderes panistas del norte del Estado de M\u00e9xico y del Valle de Toluca, Romina Contreras asegur\u00f3 que la planilla que encabeza Jorge Romero, busca escuchar las propuestas de la militancia para brindarle un rumbo m\u00e1s firme a este instituto pol\u00edtico y que los mexicanos se sientan representados.<\/p>\n","protected":false},"author":3,"featured_media":636213,"comment_status":"open","ping_status":"open","sticky":false,"template":"","format":"standard","meta":{"_monsterinsights_skip_tracking":false,"_monsterinsights_sitenote_active":false,"_monsterinsights_sitenote_note":"","_monsterinsights_sitenote_category":0,"footnotes":""},"categories":[5],"tags":[43675,1097,91],"class_list":["post-636113","post","type-post","status-publish","format-standard","has-post-thumbnail","hentry","category-estado-de-mexico","tag-estado-de-mexico","tag-huixquilucan","tag-pan"],"_links":{"self":[{"href":"https:\/\/www.diarioimagen.net\/index.php?rest_route=\/wp\/v2\/posts\/636113","targetHints":{"allow":["GET"]}}],"collection":[{"href":"https:\/\/www.diarioimagen.net\/index.php?rest_route=\/wp\/v2\/posts"}],"about":[{"href":"https:\/\/www.diarioimagen.net\/index.php?rest_route=\/wp\/v2\/types\/post"}],"author":[{"embeddable":true,"href":"https:\/\/www.diarioimagen.net\/index.php?rest_route=\/wp\/v2\/users\/3"}],"replies":[{"embeddable":true,"href":"https:\/\/www.diarioimagen.net\/index.php?rest_route=%2Fwp%2Fv2%2Fcomments&post=636113"}],"version-history":[{"count":0,"href":"https:\/\/www.diarioimagen.net\/index.php?rest_route=\/wp\/v2\/posts\/636113\/revisions"}],"wp:featuredmedia":[{"embeddable":true,"href":"https:\/\/www.diarioimagen.net\/index.php?rest_route=\/wp\/v2\/media\/636213"}],"wp:attachment":[{"href":"https:\/\/www.diarioimagen.net\/index.php?rest_route=%2Fwp%2Fv2%2Fmedia&parent=636113"}],"wp:term":[{"taxonomy":"category","embeddable":true,"href":"https:\/\/www.diarioimagen.net\/index.php?rest_route=%2Fwp%2Fv2%2Fcategories&post=636113"},{"taxonomy":"post_tag","embeddable":true,"href":"https:\/\/www.diarioimagen.net\/index.php?rest_route=%2Fwp%2Fv2%2Ftags&post=636113"}],"curies":[{"name":"wp","href":"https:\/\/api.w.org\/{rel}","templated":true}]}}