{"id":636127,"date":"2024-10-08T00:05:50","date_gmt":"2024-10-08T06:05:50","guid":{"rendered":"https:\/\/www.diarioimagen.net\/?p=636127"},"modified":"2024-10-08T01:44:26","modified_gmt":"2024-10-08T07:44:26","slug":"encabeza-delfina-gomez-ceremonia-de-izamiento-y-honores-al-labaro-patrio","status":"publish","type":"post","link":"https:\/\/www.diarioimagen.net\/?p=636127","title":{"rendered":"Encabeza Delfina G\u00f3mez ceremonia de Izamiento y Honores al L\u00e1baro Patrio"},"content":{"rendered":"<p>&nbsp;<\/p>\n<ul>\n<li><em><strong>Acto de civismo y patriotismo en Toluca<\/strong><\/em><\/li>\n<\/ul>\n<p><strong>\u00a0<\/strong><\/p>\n<div id=\"attachment_636215\" style=\"width: 470px\" class=\"wp-caption aligncenter\"><a href=\"https:\/\/www.diarioimagen.net\/?attachment_id=636215\" rel=\"attachment wp-att-636215\"><img loading=\"lazy\" decoding=\"async\" aria-describedby=\"caption-attachment-636215\" class=\"size-full wp-image-636215\" src=\"https:\/\/www.diarioimagen.net\/wp-content\/uploads\/2024\/10\/encabeza-delfina-gomez.jpg\" alt=\"\" width=\"460\" height=\"270\" srcset=\"https:\/\/www.diarioimagen.net\/wp-content\/uploads\/2024\/10\/encabeza-delfina-gomez.jpg 460w, https:\/\/www.diarioimagen.net\/wp-content\/uploads\/2024\/10\/encabeza-delfina-gomez-240x141.jpg 240w\" sizes=\"auto, (max-width: 460px) 100vw, 460px\" \/><\/a><p id=\"caption-attachment-636215\" class=\"wp-caption-text\">La gobernadora Delfina G\u00f3mez \u00c1lvarez encabez\u00f3 durante las primeras horas de este lunes la ceremonia de izamiento y honores al l\u00e1baro patrio en la Plaza de los M\u00e1rtires, en la ciudad de Toluca.<\/p><\/div>\n<p>&nbsp;<\/p>\n<p><strong>Toluca, Estado de M\u00e9xico.\u2014 <\/strong>En un acto de civismo y patriotismo, la gobernadora del Estado de M\u00e9xico, Delfina G\u00f3mez \u00c1lvarez encabez\u00f3 durante las primeras horas de este lunes la ceremonia de izamiento y honores al l\u00e1baro patrio en la Plaza de los M\u00e1rtires, en la ciudad de Toluca.<\/p>\n<p>Acompa\u00f1ada de integrantes de la Mesa de Coordinaci\u00f3n para la Construcci\u00f3n de la Paz; de las Secretarias y los Secretarios del Gabinete estatal, y de alumnas y alumnos de la Escuela Secundaria No. 10 \u201c\u00c1ngel Mar\u00eda Garibay Kintana\u201d, la mandataria enton\u00f3 el Himno Nacional y del Estado de M\u00e9xico musicalizado por la Banda de Guerra de la Secretar\u00eda de Seguridad mexiquense.<\/p>\n<p>A la conclusi\u00f3n de esta ceremonia, la Maestra Delfina G\u00f3mez \u00c1lvarez, en compa\u00f1\u00eda de Horacio Duarte Olivares, Secretario General de Gobierno, recibi\u00f3 una escultura de barro, obra realizada por artesanos provenientes del municipio de Metepec.<\/p>\n<p>Cabe se\u00f1alar que en esta Ceremonia C\u00edvica participaron destacamentos de corporaciones como la Secretar\u00eda de la Defensa Nacional (Sedena), de la Guardia Nacional en el Estado de M\u00e9xico y de la Secretar\u00eda de Seguridad estatal.<\/p>\n","protected":false},"excerpt":{"rendered":"<p>En un acto de civismo y patriotismo, la gobernadora del Estado de M\u00e9xico, Delfina G\u00f3mez \u00c1lvarez encabez\u00f3 durante las primeras horas de este lunes la ceremonia de izamiento y honores al l\u00e1baro patrio en la Plaza de los M\u00e1rtires, en la ciudad de Toluca.<\/p>\n","protected":false},"author":3,"featured_media":636215,"comment_status":"open","ping_status":"open","sticky":false,"template":"","format":"standard","meta":{"_monsterinsights_skip_tracking":false,"_monsterinsights_sitenote_active":false,"_monsterinsights_sitenote_note":"","_monsterinsights_sitenote_category":0,"footnotes":""},"categories":[5,99730],"tags":[57859,100108],"class_list":["post-636127","post","type-post","status-publish","format-standard","has-post-thumbnail","hentry","category-estado-de-mexico","category-edomex","tag-delfina-gomez-alvarez","tag-labaro-patrio"],"_links":{"self":[{"href":"https:\/\/www.diarioimagen.net\/index.php?rest_route=\/wp\/v2\/posts\/636127","targetHints":{"allow":["GET"]}}],"collection":[{"href":"https:\/\/www.diarioimagen.net\/index.php?rest_route=\/wp\/v2\/posts"}],"about":[{"href":"https:\/\/www.diarioimagen.net\/index.php?rest_route=\/wp\/v2\/types\/post"}],"author":[{"embeddable":true,"href":"https:\/\/www.diarioimagen.net\/index.php?rest_route=\/wp\/v2\/users\/3"}],"replies":[{"embeddable":true,"href":"https:\/\/www.diarioimagen.net\/index.php?rest_route=%2Fwp%2Fv2%2Fcomments&post=636127"}],"version-history":[{"count":0,"href":"https:\/\/www.diarioimagen.net\/index.php?rest_route=\/wp\/v2\/posts\/636127\/revisions"}],"wp:featuredmedia":[{"embeddable":true,"href":"https:\/\/www.diarioimagen.net\/index.php?rest_route=\/wp\/v2\/media\/636215"}],"wp:attachment":[{"href":"https:\/\/www.diarioimagen.net\/index.php?rest_route=%2Fwp%2Fv2%2Fmedia&parent=636127"}],"wp:term":[{"taxonomy":"category","embeddable":true,"href":"https:\/\/www.diarioimagen.net\/index.php?rest_route=%2Fwp%2Fv2%2Fcategories&post=636127"},{"taxonomy":"post_tag","embeddable":true,"href":"https:\/\/www.diarioimagen.net\/index.php?rest_route=%2Fwp%2Fv2%2Ftags&post=636127"}],"curies":[{"name":"wp","href":"https:\/\/api.w.org\/{rel}","templated":true}]}}