{"id":636130,"date":"2024-10-08T00:04:34","date_gmt":"2024-10-08T06:04:34","guid":{"rendered":"https:\/\/www.diarioimagen.net\/?p=636130"},"modified":"2024-10-08T00:45:46","modified_gmt":"2024-10-08T06:45:46","slug":"choque-de-trenes-3","status":"publish","type":"post","link":"https:\/\/www.diarioimagen.net\/?p=636130","title":{"rendered":"Choque de trenes"},"content":{"rendered":"<h2>De pe a pa<\/h2>\n<h5>Alberto Vieyra G.<\/h5>\n<p>&nbsp;<\/p>\n<p>AMLO y sus paniaguados cuatrote\u00edstas violaron la Constituci\u00f3n. La Corte les recuerda que la ley es la ley y estamos ante un inminente choque de trenes que le dificultar\u00e1 a la Presidenta cient\u00edfica a\u00fan m\u00e1s la gobernabilidad en el pa\u00eds.<\/p>\n<p>El pasado viernes, la Suprema Corte con mayor\u00eda de 8 ministros contra 3 paniaguados amlistas, admiti\u00f3 a revisi\u00f3n la diab\u00f3lica reforma al Poder Judicial con la que AMLO pretend\u00eda acabar con la divisi\u00f3n de poderes en M\u00e9xico.<\/p>\n<p>En su loca y enfermiza carrera por destruir las instituciones nacionales, AMLO y sus ineptos legisladores violaron varios art\u00edculos constitucionales, comenzado por el primero de la Carta Magna, que reza \u201ctodas las personas tienen los mismos derechos humanos y garant\u00edas, las cuales no pueden ser restringidas o suspendidas\u201d.<\/p>\n<p>Claro, la demencial reforma al Poder Judicial es a todas luces violatoria del art\u00edculo 1\u00b0 que garantiza los derechos para todos los mexicanos y extranjeros en M\u00e9xico.<\/p>\n<p>Pero, tambi\u00e9n la espuria mayor\u00eda morenista violar\u00eda el 133 constitucional en lo referente a los tratados internacionales que M\u00e9xico ha suscrito con m\u00e1s de 50 naciones, incluyendo el Tratado de Libre Comercio entre M\u00e9xico, Canad\u00e1 y Estados Unidos que consagra una cl\u00e1usula en materia de apertura democr\u00e1tica, para que ning\u00fan partido ni el presidente de la rep\u00fablica tengan la supremac\u00eda pol\u00edtica. Adem\u00e1s, en muchos casos el articulado de los tratados internacionales suelen estar por encima de la Constituci\u00f3n Federal de la Rep\u00fablica.<\/p>\n<p>El art\u00edculo 133 Constitucional a\u00f1ade: \u201cQue la Constituci\u00f3n, las leyes del Congreso de la Uni\u00f3n y los tratados internacionales son la Ley Suprema de toda la Uni\u00f3n.<\/p>\n<p>Los tratados internacionales deben estar de acuerdo con la Constituci\u00f3n y ser celebrados por el Presidente de la Rep\u00fablica con la aprobaci\u00f3n del Senado<\/p>\n<p>Los tratados internacionales se ubican jer\u00e1rquicamente por encima de las leyes generales, federales y locales, pero por debajo de la Constituci\u00f3n Federal\u201d.<\/p>\n<p>Pero, adem\u00e1s la Corte le aplica la ley al lopezobradorato porque incurrieron los legisladores en violaciones al art\u00edculo 11 de la ley reglamentaria de la Suprema Corte de Justicia de la Naci\u00f3n. Y como la Corte admiti\u00f3 a revisi\u00f3n y le puso pauta a la demencial reforma judicial de AMLO, demostrando que AMLO y sus esbirros violaron dicha ley en su art\u00edculo 11 que garantiza que \u201cel Pleno de la Suprema Corte de Justicia de la Naci\u00f3n (SCJN) tiene las siguientes atribuciones:<\/p>\n<p>Garantizar la independencia de los integrantes del Poder Judicial de la Federaci\u00f3n<\/p>\n<p>Velar por la autonom\u00eda de los \u00f3rganos del Poder Judicial de la Federaci\u00f3n\u201d.<\/p>\n<p>Los m\u00e1s bravucones y pendencieros del Poder Legislativo y tambi\u00e9n la se\u00f1ora Presidenta han pegado el grito en el cielo porque la Corte les sali\u00f3 con que la ley es la ley y como ellos son garantes de la Constituci\u00f3n, pues su reformita se va a revisi\u00f3n y se les cae la posibilidad de destruir al Poder Judicial disque con la elecci\u00f3n de juzgadores, lo cual presagia que do\u00f1a Claudia tendr\u00e1 que hilar fino y dejarse de calificativos como que \u201cse trata de un golpe aguado\u201d y de hacerle a la \u201cnoro\u00f1izaci\u00f3n\u201d de la pol\u00edtica que solamente enrarecer\u00e1 la gobernabilidad y la sana convivencia entre todos los mexicanos.<\/p>\n<p>Ni hablar, poder que no puede, no es poder y la Corte les demuestra que los cuatrote\u00edstas con su pendenciero de callej\u00f3n que ya se fue, que legislaron con los pies.<\/p>\n<p><em><a href=\"mailto:info@agenciamn.com\" target=\"_blank\" rel=\"noopener noreferrer\">info@agenciamn.com<\/a><\/em><\/p>\n","protected":false},"excerpt":{"rendered":"<p><span style=\"color: #005497;\"><strong>Alberto Vieyra G.<\/strong><\/span><\/p>\n","protected":false},"author":3,"featured_media":0,"comment_status":"open","ping_status":"open","sticky":false,"template":"","format":"standard","meta":{"_monsterinsights_skip_tracking":false,"_monsterinsights_sitenote_active":false,"_monsterinsights_sitenote_note":"","_monsterinsights_sitenote_category":0,"footnotes":""},"categories":[4596],"tags":[43697,4597,43674],"class_list":["post-636130","post","type-post","status-publish","format-standard","hentry","category-alberto-vieyra-g","tag-alberto-vieyra-g","tag-de-pe-a-pa","tag-opinion"],"_links":{"self":[{"href":"https:\/\/www.diarioimagen.net\/index.php?rest_route=\/wp\/v2\/posts\/636130","targetHints":{"allow":["GET"]}}],"collection":[{"href":"https:\/\/www.diarioimagen.net\/index.php?rest_route=\/wp\/v2\/posts"}],"about":[{"href":"https:\/\/www.diarioimagen.net\/index.php?rest_route=\/wp\/v2\/types\/post"}],"author":[{"embeddable":true,"href":"https:\/\/www.diarioimagen.net\/index.php?rest_route=\/wp\/v2\/users\/3"}],"replies":[{"embeddable":true,"href":"https:\/\/www.diarioimagen.net\/index.php?rest_route=%2Fwp%2Fv2%2Fcomments&post=636130"}],"version-history":[{"count":0,"href":"https:\/\/www.diarioimagen.net\/index.php?rest_route=\/wp\/v2\/posts\/636130\/revisions"}],"wp:attachment":[{"href":"https:\/\/www.diarioimagen.net\/index.php?rest_route=%2Fwp%2Fv2%2Fmedia&parent=636130"}],"wp:term":[{"taxonomy":"category","embeddable":true,"href":"https:\/\/www.diarioimagen.net\/index.php?rest_route=%2Fwp%2Fv2%2Fcategories&post=636130"},{"taxonomy":"post_tag","embeddable":true,"href":"https:\/\/www.diarioimagen.net\/index.php?rest_route=%2Fwp%2Fv2%2Ftags&post=636130"}],"curies":[{"name":"wp","href":"https:\/\/api.w.org\/{rel}","templated":true}]}}