{"id":636248,"date":"2024-10-09T00:08:39","date_gmt":"2024-10-09T06:08:39","guid":{"rendered":"https:\/\/www.diarioimagen.net\/?p=636248"},"modified":"2024-10-10T00:46:11","modified_gmt":"2024-10-10T06:46:11","slug":"firma-uaemex-convenio-de-colaboracion-en-pro-de-la-igualdad-de-genero-en-zinacantepec","status":"publish","type":"post","link":"https:\/\/www.diarioimagen.net\/?p=636248","title":{"rendered":"Firma UAEM\u00e9x convenio de Colaboraci\u00f3n en pro de la Igualdad de G\u00e9nero en Zinacantepec"},"content":{"rendered":"<p>&nbsp;<\/p>\n<div id=\"attachment_636333\" style=\"width: 470px\" class=\"wp-caption aligncenter\"><a href=\"https:\/\/www.diarioimagen.net\/?attachment_id=636333\" rel=\"attachment wp-att-636333\"><img loading=\"lazy\" decoding=\"async\" aria-describedby=\"caption-attachment-636333\" class=\"size-full wp-image-636333\" src=\"https:\/\/www.diarioimagen.net\/wp-content\/uploads\/2024\/10\/uaemex-firma-convenio.jpg\" alt=\"\" width=\"460\" height=\"270\" srcset=\"https:\/\/www.diarioimagen.net\/wp-content\/uploads\/2024\/10\/uaemex-firma-convenio.jpg 460w, https:\/\/www.diarioimagen.net\/wp-content\/uploads\/2024\/10\/uaemex-firma-convenio-240x141.jpg 240w\" sizes=\"auto, (max-width: 460px) 100vw, 460px\" \/><\/a><p id=\"caption-attachment-636333\" class=\"wp-caption-text\">La Coordinadora Institucional de Equidad de G\u00e9nero, Alejandra Carmona Casta\u00f1eda, indic\u00f3 que este convenio se traducir\u00e1 en acciones de sensibilizaci\u00f3n en materia de g\u00e9nero para promover la erradicaci\u00f3n de la violencia.<\/p><\/div>\n<p>&nbsp;<\/p>\n<p><strong>Toluca, Estado de M\u00e9xico.<\/strong>\u2014 Con el compromiso de fomentar acciones conjuntas que erradiquen las desigualdades de g\u00e9nero, la Universidad Aut\u00f3noma del Estado de M\u00e9xico (UAEM\u00e9x) llev\u00f3 a cabo la firma del Convenio Espec\u00edfico de Colaboraci\u00f3n con el Ayuntamiento de Zinacantepec.<\/p>\n<p>En representaci\u00f3n del rector de la M\u00e1xima Casa de Estudios mexiquense, Carlos Eduardo Barrera D\u00edaz y acompa\u00f1ada por el presidente municipal de Zinacantepec, Manuel Vilchis Viveros, la Coordinadora Institucional de Equidad de G\u00e9nero, Alejandra Carmona Casta\u00f1eda, apunt\u00f3 que la Comunidad Universitaria genera un compromiso abierto y medible para realizar acciones de colaboraci\u00f3n intercambio y apoyo mutuo que beneficien a la sociedad, es por ello que este convenio se traducir\u00e1 en acciones de sensibilizaci\u00f3n en materia de g\u00e9nero para promover la erradicaci\u00f3n de la violencia.<\/p>\n<p>\u201cEsta casa de estudios contribuir\u00e1 con conocimientos para orientar acad\u00e9micamente al municipio de Zinacantepec, ya que el trabajo en conjunto nos permite poner un alto a toda forma de desigualdad y discriminaci\u00f3n basada en el g\u00e9nero\u201d, destac\u00f3.<\/p>\n<p>Carmona Casta\u00f1eda destac\u00f3 que este compromiso generar\u00e1 estrategias para fortalecer la igualdad de g\u00e9nero, enfocadas en la promoci\u00f3n de una cultura diversa, incluyente, representativa y equitativa, d\u00f3nde el respeto a la dignidad de las personas sea el pilar de la construcci\u00f3n de una cultura de paz.<\/p>\n<p>En este mismo sentido, Vilchis Viveros afirm\u00f3 que este instrumento busca implementar estrategias y pol\u00edticas municipales transversales con perspectiva de g\u00e9nero, enfocadas a promover una cultura incluyente y equitativa.<\/p>\n<p>\u201cCon ayuda de la UAEM\u00e9x buscaremos instrumentalizar, difundir y promover la cultura de igualdad, no discriminaci\u00f3n, equidad de g\u00e9nero y la prevenci\u00f3n de la violencia\u201d, explic\u00f3<\/p>\n<p>Finalmente, Trejo Vel\u00e1zquez mencion\u00f3 que este convenio busca transversalizar la perspectiva de g\u00e9nero para crear una cultura de prevenci\u00f3n y disminuci\u00f3n de la violencia contras las ni\u00f1as, adolescentes y mujeres.<\/p>\n<p>Al acto, acudieron la Directora Municipal de la Mujer de Zinacantepec, Alexae Trejo Vel\u00e1zquez; el Secretario del Ayuntamiento de Zinacantepec, Ernesto Palma; la jefa de Departamento de Igualdad, Yasm\u00edn Adriana Romero Romero; el Coordinador Regional Toluca de la Secretar\u00eda de Bienestar del Estado de M\u00e9xico, Arturo Agust\u00edn Contreras Valenzuela; la Directora de Educaci\u00f3n de Zinacantepec, Karina Mariela Cervantes Jim\u00e9nez; la Delegada de la Regi\u00f3n X de Toluca, Karina Mariela Cervantes Jim\u00e9nez; el Coordinador Regional de Toluca, Arturo Agust\u00edn Contreras Valenzuela; integrantes de Cabildo de Zinacantepec e integrantes del Colegio de Directores de la UAEM\u00e9x.<\/p>\n","protected":false},"excerpt":{"rendered":"<p>Con el compromiso de fomentar acciones conjuntas que erradiquen las desigualdades de g\u00e9nero, la Universidad Aut\u00f3noma del Estado de M\u00e9xico (UAEM\u00e9x) llev\u00f3 a cabo la firma del Convenio Espec\u00edfico de Colaboraci\u00f3n con el Ayuntamiento de Zinacantepec.<\/p>\n","protected":false},"author":3,"featured_media":636333,"comment_status":"open","ping_status":"open","sticky":false,"template":"","format":"standard","meta":{"_monsterinsights_skip_tracking":false,"_monsterinsights_sitenote_active":false,"_monsterinsights_sitenote_note":"","_monsterinsights_sitenote_category":0,"footnotes":""},"categories":[5],"tags":[45123,67878],"class_list":["post-636248","post","type-post","status-publish","format-standard","has-post-thumbnail","hentry","category-estado-de-mexico","tag-igualdad-de-genero","tag-uaemex"],"_links":{"self":[{"href":"https:\/\/www.diarioimagen.net\/index.php?rest_route=\/wp\/v2\/posts\/636248","targetHints":{"allow":["GET"]}}],"collection":[{"href":"https:\/\/www.diarioimagen.net\/index.php?rest_route=\/wp\/v2\/posts"}],"about":[{"href":"https:\/\/www.diarioimagen.net\/index.php?rest_route=\/wp\/v2\/types\/post"}],"author":[{"embeddable":true,"href":"https:\/\/www.diarioimagen.net\/index.php?rest_route=\/wp\/v2\/users\/3"}],"replies":[{"embeddable":true,"href":"https:\/\/www.diarioimagen.net\/index.php?rest_route=%2Fwp%2Fv2%2Fcomments&post=636248"}],"version-history":[{"count":0,"href":"https:\/\/www.diarioimagen.net\/index.php?rest_route=\/wp\/v2\/posts\/636248\/revisions"}],"wp:featuredmedia":[{"embeddable":true,"href":"https:\/\/www.diarioimagen.net\/index.php?rest_route=\/wp\/v2\/media\/636333"}],"wp:attachment":[{"href":"https:\/\/www.diarioimagen.net\/index.php?rest_route=%2Fwp%2Fv2%2Fmedia&parent=636248"}],"wp:term":[{"taxonomy":"category","embeddable":true,"href":"https:\/\/www.diarioimagen.net\/index.php?rest_route=%2Fwp%2Fv2%2Fcategories&post=636248"},{"taxonomy":"post_tag","embeddable":true,"href":"https:\/\/www.diarioimagen.net\/index.php?rest_route=%2Fwp%2Fv2%2Ftags&post=636248"}],"curies":[{"name":"wp","href":"https:\/\/api.w.org\/{rel}","templated":true}]}}