{"id":636252,"date":"2024-10-09T00:06:04","date_gmt":"2024-10-09T06:06:04","guid":{"rendered":"https:\/\/www.diarioimagen.net\/?p=636252"},"modified":"2024-10-09T01:43:54","modified_gmt":"2024-10-09T07:43:54","slug":"desciende-edomex-en-la-tabla-nacional-de-homicidios-dolosos","status":"publish","type":"post","link":"https:\/\/www.diarioimagen.net\/?p=636252","title":{"rendered":"Desciende Edomex en la tabla nacional de homicidios\u00a0dolosos"},"content":{"rendered":"<p>&nbsp;<\/p>\n<h2 style=\"text-align: center;\">Reconoce Sheinbaum trabajo de Delfina G\u00f3mez<\/h2>\n<p>&nbsp;<\/p>\n<ul>\n<li><strong><em>Destaca la gobernadora este logro como resultado de la Mesa de Coordinaci\u00f3n para\u00a0 la Paz<\/em><\/strong><\/li>\n<\/ul>\n<p><strong>\u00a0<\/strong><\/p>\n<div id=\"attachment_636373\" style=\"width: 470px\" class=\"wp-caption aligncenter\"><a href=\"https:\/\/www.diarioimagen.net\/?attachment_id=636373\" rel=\"attachment wp-att-636373\"><img loading=\"lazy\" decoding=\"async\" aria-describedby=\"caption-attachment-636373\" class=\"size-full wp-image-636373\" src=\"https:\/\/www.diarioimagen.net\/wp-content\/uploads\/2024\/10\/desciende-edomex.jpg\" alt=\"\" width=\"460\" height=\"270\" srcset=\"https:\/\/www.diarioimagen.net\/wp-content\/uploads\/2024\/10\/desciende-edomex.jpg 460w, https:\/\/www.diarioimagen.net\/wp-content\/uploads\/2024\/10\/desciende-edomex-240x141.jpg 240w\" sizes=\"auto, (max-width: 460px) 100vw, 460px\" \/><\/a><p id=\"caption-attachment-636373\" class=\"wp-caption-text\">La Gobernadora Delfina G\u00f3mez \u00c1lvarez se\u00f1al\u00f3 que estos resultados en seguridad son derivados de la estrategia de seguridad y procuraci\u00f3n de justicia, as\u00ed como del trabajo de la Mesa de Coordinaci\u00f3n para la Construcci\u00f3n de la Paz.<\/p><\/div>\n<p>&nbsp;<\/p>\n<p><strong>Toluca, Estado de M\u00e9xico.\u2014 <\/strong>En la Mesa de Coordinaci\u00f3n para la Construcci\u00f3n de la Paz encabezada por la Gobernadora Delfina G\u00f3mez \u00c1lvarez se destac\u00f3 que el Estado de M\u00e9xico se ubica en el tercer lugar nacional en n\u00famero de incidencia delictiva, cuando en a\u00f1os pasados se ubicaba en los dos primeros lugares.<\/p>\n<p>\u201cMiren el rojo Guanajuato, Baja California, Estado de M\u00e9xico, Chihuahua, y Jalisco. Guanajuato evidentemente sigue siendo el primer lugar en homicidios dolosos en el pa\u00eds\u201d, as\u00ed lo inform\u00f3 la Presidenta Claudia Sheinbaum Pardo en su conferencia matutina.<\/p>\n<p>La gobernadora Delfina G\u00f3mez \u00c1lvarez se\u00f1al\u00f3 que estos resultados son derivados de la estrategia de seguridad y procuraci\u00f3n de justicia, as\u00ed como del trabajo conjunto y permanente de las instancias federales, estatales, municipales y organismos aut\u00f3nomos para garantizar la paz y el bienestar de las y los mexiquenses.<\/p>\n<p>\u201cHoy en la Mesa de Coordinaci\u00f3n para la Construcci\u00f3n de la Paz revisamos las estrategias en materia de seguridad que se implementan en el Estado de M\u00e9xico.<\/p>\n<p>\u201cDurante la reuni\u00f3n, escuchamos la #Ma\u00f1aneraDelPueblo, de la Presidenta @Claudiashein, en la cual present\u00f3 el comparativo nacional de homicidios dolosos, donde el #EdoM\u00e9x ocupa el tercer lugar en incidencia. Sin embargo, las entidades que se encuentran en los dos primeros lugares son casi tres y hasta ocho veces menores en poblaci\u00f3n y territorio en comparaci\u00f3n con el Estado de M\u00e9xico.<\/p>\n<p>\u201cEn a\u00f1os anteriores, nuestra entidad ocupaba los dos primeros lugares, y gracias a las acciones y resultados del trabajo en conjunto, se logr\u00f3 reducir esta tendencia. Nuestra labor de Gobierno es permanente y activa para fortalecer tu seguridad y la de tu familia. Con #ElPoderDeServir construirnos sociedades de paz\u201d, refiri\u00f3 la maestra Delfina G\u00f3mez \u00c1lvarez en sus redes sociales.<\/p>\n<p>En la Mesa de Coordinaci\u00f3n n\u00famero 262 participaron Horacio Duarte Olivares, Secretario General de Gobierno del Estado de M\u00e9xico; Crist\u00f3bal Casta\u00f1eda Camarillo, Secretario de Seguridad estatal; y Jos\u00e9 Luis Cervantes Mart\u00ednez, Fiscal General de Justicia del Estado de M\u00e9xico.<\/p>\n<p>As\u00ed como representantes de las Secretar\u00edas de la Defensa Nacional y de la Marina; Guardia Nacional; y del Centro Nacional de Inteligencia.<\/p>\n","protected":false},"excerpt":{"rendered":"<p>En la Mesa de Coordinaci\u00f3n para la Construcci\u00f3n de la Paz encabezada por la Gobernadora Delfina G\u00f3mez \u00c1lvarez se destac\u00f3 que el Estado de M\u00e9xico se ubica en el tercer lugar nacional en n\u00famero de incidencia delictiva, cuando en a\u00f1os pasados se ubicaba en los dos primeros lugares.<\/p>\n","protected":false},"author":3,"featured_media":636373,"comment_status":"open","ping_status":"open","sticky":false,"template":"","format":"standard","meta":{"_monsterinsights_skip_tracking":false,"_monsterinsights_sitenote_active":false,"_monsterinsights_sitenote_note":"","_monsterinsights_sitenote_category":0,"footnotes":""},"categories":[5,99730],"tags":[57859,100978,22314,43677],"class_list":["post-636252","post","type-post","status-publish","format-standard","has-post-thumbnail","hentry","category-estado-de-mexico","category-edomex","tag-delfina-gomez-alvarez","tag-dolorosos","tag-homicidios","tag-seguridad"],"_links":{"self":[{"href":"https:\/\/www.diarioimagen.net\/index.php?rest_route=\/wp\/v2\/posts\/636252","targetHints":{"allow":["GET"]}}],"collection":[{"href":"https:\/\/www.diarioimagen.net\/index.php?rest_route=\/wp\/v2\/posts"}],"about":[{"href":"https:\/\/www.diarioimagen.net\/index.php?rest_route=\/wp\/v2\/types\/post"}],"author":[{"embeddable":true,"href":"https:\/\/www.diarioimagen.net\/index.php?rest_route=\/wp\/v2\/users\/3"}],"replies":[{"embeddable":true,"href":"https:\/\/www.diarioimagen.net\/index.php?rest_route=%2Fwp%2Fv2%2Fcomments&post=636252"}],"version-history":[{"count":0,"href":"https:\/\/www.diarioimagen.net\/index.php?rest_route=\/wp\/v2\/posts\/636252\/revisions"}],"wp:featuredmedia":[{"embeddable":true,"href":"https:\/\/www.diarioimagen.net\/index.php?rest_route=\/wp\/v2\/media\/636373"}],"wp:attachment":[{"href":"https:\/\/www.diarioimagen.net\/index.php?rest_route=%2Fwp%2Fv2%2Fmedia&parent=636252"}],"wp:term":[{"taxonomy":"category","embeddable":true,"href":"https:\/\/www.diarioimagen.net\/index.php?rest_route=%2Fwp%2Fv2%2Fcategories&post=636252"},{"taxonomy":"post_tag","embeddable":true,"href":"https:\/\/www.diarioimagen.net\/index.php?rest_route=%2Fwp%2Fv2%2Ftags&post=636252"}],"curies":[{"name":"wp","href":"https:\/\/api.w.org\/{rel}","templated":true}]}}