{"id":636256,"date":"2024-10-09T00:02:18","date_gmt":"2024-10-09T06:02:18","guid":{"rendered":"https:\/\/www.diarioimagen.net\/?p=636256"},"modified":"2024-10-09T01:39:10","modified_gmt":"2024-10-09T07:39:10","slug":"refrendan-panistas-mexiquenses-su-respaldo-a-anuar-azar-figueroa","status":"publish","type":"post","link":"https:\/\/www.diarioimagen.net\/?p=636256","title":{"rendered":"Refrendan panistas mexiquenses su respaldo a Anuar Azar Figueroa"},"content":{"rendered":"<p>&nbsp;<\/p>\n<ul>\n<li><em><strong>Afirman que hay unidad plena<\/strong><\/em><\/li>\n<\/ul>\n<p>&nbsp;<\/p>\n<h6>Arturo Baena<\/h6>\n<p>&nbsp;<\/p>\n<div id=\"attachment_636365\" style=\"width: 470px\" class=\"wp-caption aligncenter\"><a href=\"https:\/\/www.diarioimagen.net\/?attachment_id=636365\" rel=\"attachment wp-att-636365\"><img loading=\"lazy\" decoding=\"async\" aria-describedby=\"caption-attachment-636365\" class=\"size-full wp-image-636365\" src=\"https:\/\/www.diarioimagen.net\/wp-content\/uploads\/2024\/10\/refrendan-panistas.jpg\" alt=\"\" width=\"460\" height=\"270\" srcset=\"https:\/\/www.diarioimagen.net\/wp-content\/uploads\/2024\/10\/refrendan-panistas.jpg 460w, https:\/\/www.diarioimagen.net\/wp-content\/uploads\/2024\/10\/refrendan-panistas-240x141.jpg 240w\" sizes=\"auto, (max-width: 460px) 100vw, 460px\" \/><\/a><p id=\"caption-attachment-636365\" class=\"wp-caption-text\">Anuar Azar Figueroa reiter\u00f3\u00a0 su compromiso de revivir al PAN como una fuerza pol\u00edtica significativa en Edomex.<\/p><\/div>\n<p>&nbsp;<\/p>\n<p><strong>Valle de M\u00e9xico.\u2014<\/strong> \u201cHoy, Acci\u00f3n Nacional, bajo la direcci\u00f3n de Anuar Azar Figueroa, es un partido que demuestra unidad plena, es un partido\u00a0 fuerte y altamente competitivo y preparado para lo que viene. Est\u00e1n equivocados los que piensan lo contrario\u201d.<\/p>\n<p>As\u00ed coincidieron panistas del Estado de M\u00e9xico, luego de reiterar su apoyo a Azar Figueroa, mismos que se\u00f1alaron que \u201cefectivamente, hay diferencias, que son parte de la\u00a0 vida democr\u00e1tica del PAN, pero lo cierto es que lo que\u00a0 nos caracteriza es la uni\u00f3n\u201d.<\/p>\n<p>Miembros destacados de ese instituto, entre ellos, los representantes populares, Enrique Vargas, David Agust\u00edn Belgodere, Eduardo G\u00f3mez, Karla Fiesco, Rodrigo Pichardo, ente otros, reiteraron que \u201cel PAN es y ser\u00e1 un partido responsable qu\u00e9 seguir\u00e1 defendiendo a M\u00e9xico de quienes intentan destruir a M\u00e9xico\u201d.<\/p>\n<p>Militantes y simpatizantes panistas de municipios como Naucalpan, Tlalnepantla, Atizap\u00e1n de Zaragoza, Huixquilucan, Coacalco, Ecatepec, entre muchos otros, reafirmaron que \u201clas cr\u00edticas son constructivas, pero hay otras que carecen de fundamento, sin embargo, hemos demostrado nuestra fortaleza y unidad. Anuar Azar, es un gran l\u00edder\u201d.<\/p>\n<p>En ese sentido, Azar Figueroa reiter\u00f3\u00a0 su compromiso de revivir al PAN como una fuerza pol\u00edtica significativa en el Estado de M\u00e9xico, se\u00f1alando que su proyecto busca recuperar la confianza ciudadana y afirm\u00f3 que su propuesta dar\u00e1 un nuevo rumbo y prop\u00f3sito al partido.<\/p>\n<p>Finalmente, los panistas mexiquenses, aseguraron que el de Acci\u00f3n Nacional, es y seguir\u00e1 siendo un referente en la vida democr\u00e1tica no solo del Estado de M\u00e9xico, sino del pa\u00eds entero.<\/p>\n","protected":false},"excerpt":{"rendered":"<p>Hoy, Acci\u00f3n Nacional, bajo la direcci\u00f3n de Anuar Azar Figueroa, es un partido que demuestra unidad plena, es un partido\u00a0 fuerte y altamente competitivo y preparado para lo que viene. Est\u00e1n equivocados los que piensan lo contrario\u201d.<\/p>\n","protected":false},"author":3,"featured_media":636365,"comment_status":"open","ping_status":"open","sticky":false,"template":"","format":"standard","meta":{"_monsterinsights_skip_tracking":false,"_monsterinsights_sitenote_active":false,"_monsterinsights_sitenote_note":"","_monsterinsights_sitenote_category":0,"footnotes":""},"categories":[5],"tags":[93709,16828,95076],"class_list":["post-636256","post","type-post","status-publish","format-standard","has-post-thumbnail","hentry","category-estado-de-mexico","tag-anuar-azar-figueroa","tag-panistas","tag-refrendan"],"_links":{"self":[{"href":"https:\/\/www.diarioimagen.net\/index.php?rest_route=\/wp\/v2\/posts\/636256","targetHints":{"allow":["GET"]}}],"collection":[{"href":"https:\/\/www.diarioimagen.net\/index.php?rest_route=\/wp\/v2\/posts"}],"about":[{"href":"https:\/\/www.diarioimagen.net\/index.php?rest_route=\/wp\/v2\/types\/post"}],"author":[{"embeddable":true,"href":"https:\/\/www.diarioimagen.net\/index.php?rest_route=\/wp\/v2\/users\/3"}],"replies":[{"embeddable":true,"href":"https:\/\/www.diarioimagen.net\/index.php?rest_route=%2Fwp%2Fv2%2Fcomments&post=636256"}],"version-history":[{"count":0,"href":"https:\/\/www.diarioimagen.net\/index.php?rest_route=\/wp\/v2\/posts\/636256\/revisions"}],"wp:featuredmedia":[{"embeddable":true,"href":"https:\/\/www.diarioimagen.net\/index.php?rest_route=\/wp\/v2\/media\/636365"}],"wp:attachment":[{"href":"https:\/\/www.diarioimagen.net\/index.php?rest_route=%2Fwp%2Fv2%2Fmedia&parent=636256"}],"wp:term":[{"taxonomy":"category","embeddable":true,"href":"https:\/\/www.diarioimagen.net\/index.php?rest_route=%2Fwp%2Fv2%2Fcategories&post=636256"},{"taxonomy":"post_tag","embeddable":true,"href":"https:\/\/www.diarioimagen.net\/index.php?rest_route=%2Fwp%2Fv2%2Ftags&post=636256"}],"curies":[{"name":"wp","href":"https:\/\/api.w.org\/{rel}","templated":true}]}}