{"id":636263,"date":"2024-10-09T00:04:40","date_gmt":"2024-10-09T06:04:40","guid":{"rendered":"https:\/\/www.diarioimagen.net\/?p=636263"},"modified":"2024-10-09T01:44:06","modified_gmt":"2024-10-09T07:44:06","slug":"envian-pipas-de-agua-a-escuelas-de-naucalpan","status":"publish","type":"post","link":"https:\/\/www.diarioimagen.net\/?p=636263","title":{"rendered":"Env\u00edan pipas de agua a escuelas de\u00a0Naucalpan"},"content":{"rendered":"<p>&nbsp;<\/p>\n<p><a href=\"https:\/\/www.diarioimagen.net\/?attachment_id=636369\" rel=\"attachment wp-att-636369\"><img loading=\"lazy\" decoding=\"async\" class=\"aligncenter size-full wp-image-636369\" src=\"https:\/\/www.diarioimagen.net\/wp-content\/uploads\/2024\/10\/envian-pipas-de-agua.jpg\" alt=\"\" width=\"460\" height=\"270\" srcset=\"https:\/\/www.diarioimagen.net\/wp-content\/uploads\/2024\/10\/envian-pipas-de-agua.jpg 460w, https:\/\/www.diarioimagen.net\/wp-content\/uploads\/2024\/10\/envian-pipas-de-agua-240x141.jpg 240w\" sizes=\"auto, (max-width: 460px) 100vw, 460px\" \/><\/a><\/p>\n<p>&nbsp;<\/p>\n<p><strong>Naucalpan, Estado de M\u00e9xico.\u2014<\/strong> Para la presidenta municipal Ang\u00e9lica Moya las escuelas p\u00fablicas de todos los niveles, tanto federales como estatales, as\u00ed como centros de salud que se han visto seriamente afectados por los constantes recortes del gobierno federal al suministro de agua en bloque del Cutzamala, han sido prioridad desde los primeros recortes de agosto del 2022.<\/p>\n<p>Tan s\u00f3lo este a\u00f1o se han distribuido mediante tanques cisterna 1 mill\u00f3n 100 mil litros del recurso h\u00eddrico a los planteles y 1 mill\u00f3n 370 mil a los nosocomios, ubicados en las colonias que dependen en 100% del recurso h\u00eddrico que entrega a Naucalpan la Conagua, a trav\u00e9s de la CAEM, a la cual tambi\u00e9n se le han proporcionado 260 mil litros de agua de los pozos municipales, cuando es \u00e9sta la encargada de otorgar al municipio el recurso h\u00eddrico.<\/p>\n","protected":false},"excerpt":{"rendered":"<p>Para la presidenta municipal Ang\u00e9lica Moya las escuelas p\u00fablicas de todos los niveles, tanto federales como estatales, as\u00ed como centros de salud que se han visto seriamente afectados por los constantes recortes del gobierno federal al suministro de agua en bloque del Cutzamala, han sido prioridad desde los primeros recortes de agosto del 2022.<\/p>\n","protected":false},"author":3,"featured_media":636369,"comment_status":"open","ping_status":"open","sticky":false,"template":"","format":"standard","meta":{"_monsterinsights_skip_tracking":false,"_monsterinsights_sitenote_active":false,"_monsterinsights_sitenote_note":"","_monsterinsights_sitenote_category":0,"footnotes":""},"categories":[5],"tags":[207,100980,79714],"class_list":["post-636263","post","type-post","status-publish","format-standard","has-post-thumbnail","hentry","category-estado-de-mexico","tag-escuelas","tag-naulcapan","tag-pipas"],"_links":{"self":[{"href":"https:\/\/www.diarioimagen.net\/index.php?rest_route=\/wp\/v2\/posts\/636263","targetHints":{"allow":["GET"]}}],"collection":[{"href":"https:\/\/www.diarioimagen.net\/index.php?rest_route=\/wp\/v2\/posts"}],"about":[{"href":"https:\/\/www.diarioimagen.net\/index.php?rest_route=\/wp\/v2\/types\/post"}],"author":[{"embeddable":true,"href":"https:\/\/www.diarioimagen.net\/index.php?rest_route=\/wp\/v2\/users\/3"}],"replies":[{"embeddable":true,"href":"https:\/\/www.diarioimagen.net\/index.php?rest_route=%2Fwp%2Fv2%2Fcomments&post=636263"}],"version-history":[{"count":0,"href":"https:\/\/www.diarioimagen.net\/index.php?rest_route=\/wp\/v2\/posts\/636263\/revisions"}],"wp:featuredmedia":[{"embeddable":true,"href":"https:\/\/www.diarioimagen.net\/index.php?rest_route=\/wp\/v2\/media\/636369"}],"wp:attachment":[{"href":"https:\/\/www.diarioimagen.net\/index.php?rest_route=%2Fwp%2Fv2%2Fmedia&parent=636263"}],"wp:term":[{"taxonomy":"category","embeddable":true,"href":"https:\/\/www.diarioimagen.net\/index.php?rest_route=%2Fwp%2Fv2%2Fcategories&post=636263"},{"taxonomy":"post_tag","embeddable":true,"href":"https:\/\/www.diarioimagen.net\/index.php?rest_route=%2Fwp%2Fv2%2Ftags&post=636263"}],"curies":[{"name":"wp","href":"https:\/\/api.w.org\/{rel}","templated":true}]}}