{"id":636416,"date":"2024-10-10T00:08:24","date_gmt":"2024-10-10T06:08:24","guid":{"rendered":"https:\/\/www.diarioimagen.net\/?p=636416"},"modified":"2024-10-10T22:37:03","modified_gmt":"2024-10-11T04:37:03","slug":"uaemex-abierta-a-la-creacion-de-politicas-publicas-con-inclusion-educativa","status":"publish","type":"post","link":"https:\/\/www.diarioimagen.net\/?p=636416","title":{"rendered":"UAEM\u00e9x, abierta a la creaci\u00f3n de pol\u00edticas p\u00fablicas con inclusi\u00f3n educativa"},"content":{"rendered":"<p>&nbsp;<\/p>\n<div id=\"attachment_636484\" style=\"width: 470px\" class=\"wp-caption aligncenter\"><a href=\"https:\/\/www.diarioimagen.net\/?attachment_id=636484\" rel=\"attachment wp-att-636484\"><img loading=\"lazy\" decoding=\"async\" aria-describedby=\"caption-attachment-636484\" class=\"size-full wp-image-636484\" src=\"https:\/\/www.diarioimagen.net\/wp-content\/uploads\/2024\/10\/uaem-abierta-a-la-creacion.jpg\" alt=\"\" width=\"460\" height=\"270\" srcset=\"https:\/\/www.diarioimagen.net\/wp-content\/uploads\/2024\/10\/uaem-abierta-a-la-creacion.jpg 460w, https:\/\/www.diarioimagen.net\/wp-content\/uploads\/2024\/10\/uaem-abierta-a-la-creacion-240x141.jpg 240w\" sizes=\"auto, (max-width: 460px) 100vw, 460px\" \/><\/a><p id=\"caption-attachment-636484\" class=\"wp-caption-text\">La consultora en Educaci\u00f3n de la Organizaci\u00f3n de la UNESCO en M\u00e9xico, Gabriela Rodr\u00edguez Blanco, imparti\u00f3 la Conferencia Magistral \u201cPol\u00edticas p\u00fablicas en educaci\u00f3n y falta de detecci\u00f3n de problemas de aprendizaje\u201d, en la Sala \u201cGustavo Baz Prada\u201d del Edificio de Rector\u00eda de la UAEM\u00e9x.<\/p><\/div>\n<p>&nbsp;<\/p>\n<p><strong>Toluca, Estado de M\u00e9xico.<\/strong>\u2014 En el marco de las Jornadas de la Ciencia organizadas por la Secretar\u00eda de Investigaci\u00f3n y Estudios Avanzados de la Universidad Aut\u00f3noma del Estado de M\u00e9xico (UAEM\u00e9x), la consultora en Educaci\u00f3n de la Organizaci\u00f3n de las Naciones Unidas para la Educaci\u00f3n, la Ciencia y la Cultura (UNESCO) en M\u00e9xico, Gabriela Rodr\u00edguez Blanco, imparti\u00f3 la Conferencia Magistral \u201cPol\u00edticas p\u00fablicas en educaci\u00f3n y falta de detecci\u00f3n de problemas de aprendizaje\u201d, en la sala \u201cGustavo Baz Prada\u201d del Edificio de Rector\u00eda.<\/p>\n<p>Frente a la directora de Internacionalizaci\u00f3n de la Investigaci\u00f3n y los Estudios Avanzados, Mariana Ort\u00edz Reynoso, Rodr\u00edguez Blanco coment\u00f3 que en los pa\u00edses latinoamericanos han existido, a lo largo de las \u00faltimas d\u00e9cadas, grandes desigualdades econ\u00f3micas y sociales, principalmente en zonas rurales y en grupos vulnerables como poblaciones ind\u00edgenas o personas con discapacidad, situaci\u00f3n que aument\u00f3 con la llegada de la pandemia por el virus SARS-CoV2.<\/p>\n<p>Bajo este contexto, la conferencista explic\u00f3 que es necesario establecer nuevas pol\u00edticas p\u00fablicas que sean suficientemente flexibles para atender las necesidades de cada poblaci\u00f3n, donde el principal objetivo sea la inclusi\u00f3n educativa, creando estrategias adaptadas, espec\u00edficas y particulares que surjan del di\u00e1logo entre comunidades y que brinden las mismas oportunidades de educaci\u00f3n a todas y todos los ni\u00f1os.<\/p>\n<p>Gabriela Rodr\u00edguez destac\u00f3 que, tanto la UNESCO como instituciones colaboradoras se dedican al dise\u00f1o de pol\u00edticas que atiendan y garanticen el derecho a la educaci\u00f3n en su m\u00e1s amplio espectro, el acceso y la efectividad de los aprendizajes, donde los sistemas educativos les brinden conocimiento de calidad y el desarrollo de habilidades que les permitan desarrollarse plenamente a lo largo de toda su vida.<\/p>\n<p>En este sentido, asever\u00f3 que derivado del Estudio Regional Comparativo y Explicativo (ERCE) de la UNESCO, se detect\u00f3 que infantes de 3\u00b0 y 6\u00b0 a\u00f1o de primaria no logran los aprendizajes esperados en su formaci\u00f3n b\u00e1sica, lo que deriva en un gran problema de analfabetismo en M\u00e9xico, por lo que present\u00f3 la pol\u00edtica de aprendizajes fundamentales de todas las ni\u00f1as y los ni\u00f1os, que en colaboraci\u00f3n con el Instituto Natura y otras asociaciones, ha desarrollado una serie de estrategias que atiendan esta problem\u00e1tica.<\/p>\n<p>Rodr\u00edguez Blanco detall\u00f3 que esta iniciativa se ha realizado a lo largo de cuatro a\u00f1os y ya trabaja con 10 entidades de la Rep\u00fablica Mexicana, buscando un cambio sist\u00e9mico a trav\u00e9s de estrategias como formaci\u00f3n docente focalizada en la pr\u00e1ctica, sistemas de acompa\u00f1amiento pedag\u00f3gico, liderazgo escolar, etc\u00e9tera; pues de esta manera, se frenar\u00e1n las condiciones que generan que el alumnado llegue a nivel medio superior y superior sin las herramientas b\u00e1sicas de aprendizaje.<\/p>\n<p>Finalmente, la consultora en Educaci\u00f3n de la Organizaci\u00f3n de la UNESCO en M\u00e9xico invit\u00f3 a las y los docentes, estudiantes e investigadores presentes a centrar las pol\u00edticas educativas en el estudiantado, garantizando su acceso, calidad y eficacia en la educaci\u00f3n con un \u00e9nfasis en la inclusi\u00f3n y equidad, invit\u00e1ndoles a crear nuevas iniciativas desde sus espacios educativos.<\/p>\n","protected":false},"excerpt":{"rendered":"<p>En el marco de las Jornadas de la Ciencia organizadas por la Secretar\u00eda de Investigaci\u00f3n y Estudios Avanzados de la Universidad Aut\u00f3noma del Estado de M\u00e9xico (UAEM\u00e9x), la consultora en Educaci\u00f3n de la Organizaci\u00f3n de las Naciones Unidas para la Educaci\u00f3n, la Ciencia y la Cultura (UNESCO) en M\u00e9xico, Gabriela Rodr\u00edguez Blanco, imparti\u00f3 la Conferencia Magistral \u201cPol\u00edticas p\u00fablicas en educaci\u00f3n y falta de detecci\u00f3n de problemas de aprendizaje\u201d, en la sala \u201cGustavo Baz Prada\u201d del Edificio de Rector\u00eda.<\/p>\n","protected":false},"author":3,"featured_media":636484,"comment_status":"open","ping_status":"open","sticky":false,"template":"","format":"standard","meta":{"_monsterinsights_skip_tracking":false,"_monsterinsights_sitenote_active":false,"_monsterinsights_sitenote_note":"","_monsterinsights_sitenote_category":0,"footnotes":""},"categories":[5],"tags":[92231,67878,2267],"class_list":["post-636416","post","type-post","status-publish","format-standard","has-post-thumbnail","hentry","category-estado-de-mexico","tag-abierta","tag-uaemex","tag-unesco"],"_links":{"self":[{"href":"https:\/\/www.diarioimagen.net\/index.php?rest_route=\/wp\/v2\/posts\/636416","targetHints":{"allow":["GET"]}}],"collection":[{"href":"https:\/\/www.diarioimagen.net\/index.php?rest_route=\/wp\/v2\/posts"}],"about":[{"href":"https:\/\/www.diarioimagen.net\/index.php?rest_route=\/wp\/v2\/types\/post"}],"author":[{"embeddable":true,"href":"https:\/\/www.diarioimagen.net\/index.php?rest_route=\/wp\/v2\/users\/3"}],"replies":[{"embeddable":true,"href":"https:\/\/www.diarioimagen.net\/index.php?rest_route=%2Fwp%2Fv2%2Fcomments&post=636416"}],"version-history":[{"count":0,"href":"https:\/\/www.diarioimagen.net\/index.php?rest_route=\/wp\/v2\/posts\/636416\/revisions"}],"wp:featuredmedia":[{"embeddable":true,"href":"https:\/\/www.diarioimagen.net\/index.php?rest_route=\/wp\/v2\/media\/636484"}],"wp:attachment":[{"href":"https:\/\/www.diarioimagen.net\/index.php?rest_route=%2Fwp%2Fv2%2Fmedia&parent=636416"}],"wp:term":[{"taxonomy":"category","embeddable":true,"href":"https:\/\/www.diarioimagen.net\/index.php?rest_route=%2Fwp%2Fv2%2Fcategories&post=636416"},{"taxonomy":"post_tag","embeddable":true,"href":"https:\/\/www.diarioimagen.net\/index.php?rest_route=%2Fwp%2Fv2%2Ftags&post=636416"}],"curies":[{"name":"wp","href":"https:\/\/api.w.org\/{rel}","templated":true}]}}