{"id":636422,"date":"2024-10-10T00:01:13","date_gmt":"2024-10-10T06:01:13","guid":{"rendered":"https:\/\/www.diarioimagen.net\/?p=636422"},"modified":"2024-10-10T01:25:35","modified_gmt":"2024-10-10T07:25:35","slug":"regresa-armando-navarrete-a-gobernar-nicolas-romero-pide-licencia-al-congreso","status":"publish","type":"post","link":"https:\/\/www.diarioimagen.net\/?p=636422","title":{"rendered":"Regresa Armando Navarrete a gobernar Nicol\u00e1s Romero; pide licencia al Congreso"},"content":{"rendered":"<p>&nbsp;<\/p>\n<ul>\n<li><em><strong>Continuar\u00e1 trabajando de cerca con la ciudadan\u00eda<\/strong><\/em><\/li>\n<\/ul>\n<p>&nbsp;<\/p>\n<div id=\"attachment_636517\" style=\"width: 470px\" class=\"wp-caption aligncenter\"><a href=\"https:\/\/www.diarioimagen.net\/?attachment_id=636517\" rel=\"attachment wp-att-636517\"><img loading=\"lazy\" decoding=\"async\" aria-describedby=\"caption-attachment-636517\" class=\"size-full wp-image-636517\" src=\"https:\/\/www.diarioimagen.net\/wp-content\/uploads\/2024\/10\/regresa-armando-navarrete.jpg\" alt=\"\" width=\"460\" height=\"270\" srcset=\"https:\/\/www.diarioimagen.net\/wp-content\/uploads\/2024\/10\/regresa-armando-navarrete.jpg 460w, https:\/\/www.diarioimagen.net\/wp-content\/uploads\/2024\/10\/regresa-armando-navarrete-240x141.jpg 240w\" sizes=\"auto, (max-width: 460px) 100vw, 460px\" \/><\/a><p id=\"caption-attachment-636517\" class=\"wp-caption-text\">El diputado Armando Navarrete solicit\u00f3 licencia en el Congreso para encabezar el gobierno de ese municipio, habilitado por la decisi\u00f3n un\u00e1nime del cabildo y facultado por las leyes vigentes.<\/p><\/div>\n<p>&nbsp;<\/p>\n<p><strong>Nicol\u00e1s Romero, Estado de M\u00e9xico.\u2014<\/strong> En un hecho inusual en la vida pol\u00edtica del Estado de M\u00e9xico y movido por su vocaci\u00f3n de servicio a esta localidad, el diputado Armando Navarrete, solicit\u00f3 licencia en el Congreso mexiquense, para encabezar el gobierno de ese municipio, habilitado por la decisi\u00f3n un\u00e1nime del cabildo y facultado por las leyes vigentes.<\/p>\n<p>Y es que, tras obtener la licencia temporal de parte del Congreso, el\u00a0 legislador Navarrete L\u00f3pez, anunci\u00f3 su regreso a la alcald\u00eda, con el prop\u00f3sito de continuar trabajando de cerca con la ciudadan\u00eda y para que el municipio y sus ciudadanos est\u00e9n mejor.<\/p>\n<p>Navarrete L\u00f3pez, quien qued\u00f3 facultado para reincorporarse como presidente municipal\u00a0 por el Cabildo y por decisi\u00f3n un\u00e1nime de los ediles, reiter\u00f3 que el objetivo es asegurar que los proyectos iniciados sigan avanzando en la direcci\u00f3n correcta.<\/p>\n<p>\u201cEn las \u00faltimas semanas, aunque tom\u00e9 licencia para asumir una responsabilidad legislativa, he estado atento a todo lo que sucede en nuestro municipio. He reflexionado profundamente sobre el rumbo que queremos para Nicol\u00e1s Romero y estoy convencido de que, en estos momentos, lo m\u00e1s importante es estar aqu\u00ed, asegurando que el compromiso que tenemos con cada familia de nuestro municipio se cumpla al pie de la letra\u201d, afirm\u00f3.<\/p>\n<p>A\u00f1adi\u00f3 que su decisi\u00f3n responde a su amor por el municipio y a su profundo compromiso con los habitantes de la demarcaci\u00f3n, a quienes continuar\u00e1 sirviendo. \u201cNicol\u00e1s Romero es nuestra casa, y su futuro\u201d, manifest\u00f3.<\/p>\n<p>De esta manera, refrend\u00f3 la responsabilidad que asumi\u00f3 desde que gan\u00f3 la elecci\u00f3n de 2018 y que lo llev\u00f3 a estar al mando de la alcald\u00eda, lo que se confirm\u00f3 en 2021 al lograr su reelecci\u00f3n y siendo pieza clave para la victoria electoral, que garantiza la continuidad del proyecto de la izquierda para los pr\u00f3ximos 3 a\u00f1os.<\/p>\n","protected":false},"excerpt":{"rendered":"<p>En un hecho inusual en la vida pol\u00edtica del Estado de M\u00e9xico y movido por su vocaci\u00f3n de servicio a esta localidad, el diputado Armando Navarrete, solicit\u00f3 licencia en el Congreso mexiquense, para encabezar el gobierno de ese municipio, habilitado por la decisi\u00f3n un\u00e1nime del cabildo y facultado por las leyes vigentes.<\/p>\n<p>Y es que, tras obtener la licencia temporal de parte del Congreso,<\/p>\n","protected":false},"author":3,"featured_media":636517,"comment_status":"open","ping_status":"open","sticky":false,"template":"","format":"standard","meta":{"_monsterinsights_skip_tracking":false,"_monsterinsights_sitenote_active":false,"_monsterinsights_sitenote_note":"","_monsterinsights_sitenote_category":0,"footnotes":""},"categories":[5],"tags":[406,43675,3191,752],"class_list":["post-636422","post","type-post","status-publish","format-standard","has-post-thumbnail","hentry","category-estado-de-mexico","tag-congreso","tag-estado-de-mexico","tag-licencia","tag-nicolas-romero"],"_links":{"self":[{"href":"https:\/\/www.diarioimagen.net\/index.php?rest_route=\/wp\/v2\/posts\/636422","targetHints":{"allow":["GET"]}}],"collection":[{"href":"https:\/\/www.diarioimagen.net\/index.php?rest_route=\/wp\/v2\/posts"}],"about":[{"href":"https:\/\/www.diarioimagen.net\/index.php?rest_route=\/wp\/v2\/types\/post"}],"author":[{"embeddable":true,"href":"https:\/\/www.diarioimagen.net\/index.php?rest_route=\/wp\/v2\/users\/3"}],"replies":[{"embeddable":true,"href":"https:\/\/www.diarioimagen.net\/index.php?rest_route=%2Fwp%2Fv2%2Fcomments&post=636422"}],"version-history":[{"count":0,"href":"https:\/\/www.diarioimagen.net\/index.php?rest_route=\/wp\/v2\/posts\/636422\/revisions"}],"wp:featuredmedia":[{"embeddable":true,"href":"https:\/\/www.diarioimagen.net\/index.php?rest_route=\/wp\/v2\/media\/636517"}],"wp:attachment":[{"href":"https:\/\/www.diarioimagen.net\/index.php?rest_route=%2Fwp%2Fv2%2Fmedia&parent=636422"}],"wp:term":[{"taxonomy":"category","embeddable":true,"href":"https:\/\/www.diarioimagen.net\/index.php?rest_route=%2Fwp%2Fv2%2Fcategories&post=636422"},{"taxonomy":"post_tag","embeddable":true,"href":"https:\/\/www.diarioimagen.net\/index.php?rest_route=%2Fwp%2Fv2%2Ftags&post=636422"}],"curies":[{"name":"wp","href":"https:\/\/api.w.org\/{rel}","templated":true}]}}