{"id":636424,"date":"2024-10-10T00:03:48","date_gmt":"2024-10-10T06:03:48","guid":{"rendered":"https:\/\/www.diarioimagen.net\/?p=636424"},"modified":"2024-10-10T01:13:02","modified_gmt":"2024-10-10T07:13:02","slug":"edomex-se-ubica-en-el-primer-lugar-en-generacion-de-empleos","status":"publish","type":"post","link":"https:\/\/www.diarioimagen.net\/?p=636424","title":{"rendered":"Edomex se ubica en el primer lugar en generaci\u00f3n de empleos"},"content":{"rendered":"<p>&nbsp;<\/p>\n<ul>\n<li><em><strong>Destacada labor de Delfina G\u00f3mez<\/strong><\/em><\/li>\n<\/ul>\n<p>&nbsp;<\/p>\n<div id=\"attachment_636515\" style=\"width: 470px\" class=\"wp-caption aligncenter\"><a href=\"https:\/\/www.diarioimagen.net\/?attachment_id=636515\" rel=\"attachment wp-att-636515\"><img loading=\"lazy\" decoding=\"async\" aria-describedby=\"caption-attachment-636515\" class=\"size-full wp-image-636515\" src=\"https:\/\/www.diarioimagen.net\/wp-content\/uploads\/2024\/10\/edomex-se-ubica.jpg\" alt=\"\" width=\"460\" height=\"270\" srcset=\"https:\/\/www.diarioimagen.net\/wp-content\/uploads\/2024\/10\/edomex-se-ubica.jpg 460w, https:\/\/www.diarioimagen.net\/wp-content\/uploads\/2024\/10\/edomex-se-ubica-240x141.jpg 240w\" sizes=\"auto, (max-width: 460px) 100vw, 460px\" \/><\/a><p id=\"caption-attachment-636515\" class=\"wp-caption-text\">Gracias a las pol\u00edticas econ\u00f3micas de la gobernadora Delfina G\u00f3mez \u00c1lvarez, en septiembre se generaron 19 mil 763 nuevos empleos en el Estado de M\u00e9xico.<\/p><\/div>\n<p>&nbsp;<\/p>\n<p><strong>Valle de M\u00e9xico.\u2014<\/strong> Las pol\u00edticas econ\u00f3micas puestas en marcha en el gobierno de la Maestra Delfina G\u00f3mez \u00c1lvarez contin\u00faan dando buenas noticias en materia de generaci\u00f3n de empleos formales; en septiembre se generaron 19 mil 763 nuevos empleos, cifra que mantiene a la entidad en el primer lugar a nivel nacional con el 21.7 por ciento de los 90 mil 968 que se registraron en el pa\u00eds.<\/p>\n<p>De acuerdo con el Instituto Mexicano del Seguro Social (IMSS), estos n\u00fameros reflejan la mayor cifra registrada en los \u00faltimos 28 a\u00f1os para un mes de septiembre y significan un crecimiento de 1.1 por ciento respecto al mes de agosto, adem\u00e1s de representar un crecimiento anual de 5.1 por ciento, mayor al 2.1 por ciento del pa\u00eds.<\/p>\n<p>El esfuerzo que se ha hecho desde la Secretar\u00eda de Desarrollo Econ\u00f3mico y con la gu\u00eda de su titular Laura Gonz\u00e1lez Hern\u00e1ndez, demuestra que se est\u00e1n brindando todas las facilidades para que las inversiones lleguen, se mantengan y crezcan en este territorio.<\/p>\n<p>Los principales sectores en donde se generaron estos nuevos empleos fueron: servicios sociales, con 5 mil 826; transportes y comunicaciones registrando 4 mil 826; comercio, con 4 mil 348, construcci\u00f3n, contabilizando 2 mil 083 y servicios para empresas con mil 363.<\/p>\n<p>Como referencia al mes de septiembre, en segundo lugar, en generaci\u00f3n de empleo se encuentra Jalisco con 12 mil 898 empleos seguido de Nuevo Le\u00f3n con 10 mil 096.<\/p>\n","protected":false},"excerpt":{"rendered":"<p>Las pol\u00edticas econ\u00f3micas puestas en marcha en el gobierno de la Maestra Delfina G\u00f3mez \u00c1lvarez contin\u00faan dando buenas noticias en materia de generaci\u00f3n de empleos formales; en septiembre se generaron 19 mil 763 nuevos empleos, cifra que mantiene a la entidad en el primer lugar a nivel nacional con el 21.7 por ciento de los 90 mil 968 que se registraron en el pa\u00eds.<\/p>\n","protected":false},"author":3,"featured_media":636515,"comment_status":"open","ping_status":"open","sticky":false,"template":"","format":"standard","meta":{"_monsterinsights_skip_tracking":false,"_monsterinsights_sitenote_active":false,"_monsterinsights_sitenote_note":"","_monsterinsights_sitenote_category":0,"footnotes":""},"categories":[5],"tags":[57859,5557,56426],"class_list":["post-636424","post","type-post","status-publish","format-standard","has-post-thumbnail","hentry","category-estado-de-mexico","tag-delfina-gomez-alvarez","tag-empleos","tag-generacion"],"_links":{"self":[{"href":"https:\/\/www.diarioimagen.net\/index.php?rest_route=\/wp\/v2\/posts\/636424","targetHints":{"allow":["GET"]}}],"collection":[{"href":"https:\/\/www.diarioimagen.net\/index.php?rest_route=\/wp\/v2\/posts"}],"about":[{"href":"https:\/\/www.diarioimagen.net\/index.php?rest_route=\/wp\/v2\/types\/post"}],"author":[{"embeddable":true,"href":"https:\/\/www.diarioimagen.net\/index.php?rest_route=\/wp\/v2\/users\/3"}],"replies":[{"embeddable":true,"href":"https:\/\/www.diarioimagen.net\/index.php?rest_route=%2Fwp%2Fv2%2Fcomments&post=636424"}],"version-history":[{"count":0,"href":"https:\/\/www.diarioimagen.net\/index.php?rest_route=\/wp\/v2\/posts\/636424\/revisions"}],"wp:featuredmedia":[{"embeddable":true,"href":"https:\/\/www.diarioimagen.net\/index.php?rest_route=\/wp\/v2\/media\/636515"}],"wp:attachment":[{"href":"https:\/\/www.diarioimagen.net\/index.php?rest_route=%2Fwp%2Fv2%2Fmedia&parent=636424"}],"wp:term":[{"taxonomy":"category","embeddable":true,"href":"https:\/\/www.diarioimagen.net\/index.php?rest_route=%2Fwp%2Fv2%2Fcategories&post=636424"},{"taxonomy":"post_tag","embeddable":true,"href":"https:\/\/www.diarioimagen.net\/index.php?rest_route=%2Fwp%2Fv2%2Ftags&post=636424"}],"curies":[{"name":"wp","href":"https:\/\/api.w.org\/{rel}","templated":true}]}}