{"id":636554,"date":"2024-10-11T00:02:32","date_gmt":"2024-10-11T06:02:32","guid":{"rendered":"https:\/\/www.diarioimagen.net\/?p=636554"},"modified":"2024-10-14T01:30:08","modified_gmt":"2024-10-14T07:30:08","slug":"urge-que-sectur-vea-que-pasa-con-el-turismo-en-cancun-y-riviera-maya","status":"publish","type":"post","link":"https:\/\/www.diarioimagen.net\/?p=636554","title":{"rendered":"Urge que Sectur vea qu\u00e9 pasa con el\u00a0turismo\u00a0en\u00a0Canc\u00fan\u00a0y Riviera Maya"},"content":{"rendered":"<p>&nbsp;<\/p>\n<h2 style=\"text-align: center;\">Se est\u00e1 \u201cquemando\u201d el destino<\/h2>\n<p>&nbsp;<\/p>\n<ul>\n<li><strong><em>La secretaria Josefina Rodr\u00edguez Zamora debe reunirse con todos los sectores de la industria sin chimeneas de Quintana Roo lo m\u00e1s pronto posible<\/em><\/strong><\/li>\n<\/ul>\n<p><strong>\u00a0<\/strong><\/p>\n<h4>Jos\u00e9 Luis Monta\u00f1ez<\/h4>\n<p>&nbsp;<\/p>\n<div id=\"attachment_636666\" style=\"width: 470px\" class=\"wp-caption aligncenter\"><a href=\"https:\/\/www.diarioimagen.net\/?attachment_id=636666\" rel=\"attachment wp-att-636666\"><img loading=\"lazy\" decoding=\"async\" aria-describedby=\"caption-attachment-636666\" class=\"size-full wp-image-636666\" src=\"https:\/\/www.diarioimagen.net\/wp-content\/uploads\/2024\/10\/urge-que-sectur.jpg\" alt=\"\" width=\"460\" height=\"270\" srcset=\"https:\/\/www.diarioimagen.net\/wp-content\/uploads\/2024\/10\/urge-que-sectur.jpg 460w, https:\/\/www.diarioimagen.net\/wp-content\/uploads\/2024\/10\/urge-que-sectur-240x141.jpg 240w\" sizes=\"auto, (max-width: 460px) 100vw, 460px\" \/><\/a><p id=\"caption-attachment-636666\" class=\"wp-caption-text\">En ning\u00fan aeropuerto del mundo se recibe al turismo nacional e internacional con el p\u00e9simo servicio de transporte que actualmente tiene el Aeropuerto Internacional de Canc\u00fan.<\/p><\/div>\n<p>&nbsp;<\/p>\n<p>Apenas baja del avi\u00f3n, el turismo nacional e internacional en Canc\u00fan ya es acosado por una nube de gente mal encarada y grosera, que ofrece al visitante desde tiempos compartidos, hoteles, cuartos amueblados, tours, hasta \u201ctaxi\u201d a la puerta del hotel.<\/p>\n<p>Si usted no responde a la \u201cinvitaci\u00f3n\u201d o bien porque no lo necesita o bien porque ya le dijeron que ser\u00e1 asaltado, s\u00ed as\u00ed como lo lee, asaltado, con este tipo de servicios, con tarifas exorbitantes, entonces la r\u00e9plica ser\u00e1 en forma grosera por parte de los \u201cenganchadores\u201d, que lo mismo lo llevar\u00e1n a una empresa transnacional de \u201ctaxis\u201d o bien a un veh\u00edculo \u201cpirata\u201d que le cobrar\u00e1 en d\u00f3lares, y por adelantado, la \u201cdejada\u201d.<\/p>\n<p>Es el primer contacto que tiene el visitante con la joya de nuestro turismo nacional.<\/p>\n<p style=\"text-align: center;\"><strong>\u201cYa se la saben\u201d<\/strong><\/p>\n<p>Muchos \u201cya se la saben\u201d, como dice el cl\u00e1sico, y por esa raz\u00f3n ignoran a la avalancha de pelafustanes, hombres y mujeres, algunos de los cuales no portan ning\u00fan uniforme, ni mucho menos gafete.<\/p>\n<p>El caso es que usted no pueda identificar a la persona que literalmente lo asalt\u00f3 antes de abandonar las instalaciones del Aeropuerto Internacional de Canc\u00fan para \u201cdisfrutar\u201d de sus vacaciones.<\/p>\n<p>Y este primer contacto con el turismo nacional e internacional es el que ha hecho que la cifra de visitantes descienda de manera preocupante, aunque la autoridad diga que Quintana Roo pasa por su mejor momento.<\/p>\n<p>El problema es complejo y requiere de la atenci\u00f3n de todos y cada uno de los participantes de la industria sin chimeneas, desde hoteleros, n\u00e1uticos, transportistas, rentacuartos, taxistas libres y con aplicaci\u00f3n, arrendadoras de autos y hasta las l\u00edneas a\u00e9reas.<\/p>\n<p style=\"text-align: center;\"><strong>Primero lo primero<\/strong><\/p>\n<p>Se debe de reordenar todo el transporte p\u00fablico, incluyendo los taxis locales a los que se debe de dotar de un tax\u00edmetro con tarifas justas para el pasajero y los propios concesionarios y conductores.<\/p>\n<p>Tambi\u00e9n, renovar los autobuses urbanos con unidades elegantes, c\u00f3modas y con aire acondicionado.<\/p>\n<p>Es una pena que en la zona hotelera de Canc\u00fan circulen unidades de segunda y tercera clase y mejor la ciudad de M\u00e9rida tenga autobuses tur\u00edsticos de primer nivel.<\/p>\n<p>En ning\u00fan aeropuerto del mundo se recibe al turismo nacional e internacional con el p\u00e9simo servicio de transporte que actualmente tiene el Aeropuerto Internacional de Canc\u00fan.<\/p>\n<p>Los mismos sindicatos de taxistas locales tienen derecho a dar un buen servicio y no s\u00f3lo las transnacionales que operan en la terminal a\u00e9rea y que se llevan la tajada del le\u00f3n.<\/p>\n<p style=\"text-align: center;\"><strong>Se est\u00e1 \u201cquemando\u201d el destino<\/strong><\/p>\n<p>Las playas, el azul turquesa del mar y la naturaleza de Quintana Roo son \u00fanicos en el mundo, pero se est\u00e1 \u201cquemando\u201d el destino, la joya de nuestro turismo nacional, con tanto abuso y latrocinio en contra del turismo.<\/p>\n<p>Vernos en el espejo de Acapulco no es una frase equivocada.<\/p>\n<p>Hoy, el turismo internacional ha dejado de frecuentar Acapulco y su bella bah\u00eda.<\/p>\n<p>No lo cuidaron en su momento y como en Canc\u00fan la gente est\u00e1 \u201cagarrando a palos a la gallina de los huevos de oro\u201d.<\/p>\n<p>Por esta y muchas razones m\u00e1s es que la nueva secretaria de Turismo, Josefina Rodr\u00edguez Zamora, debe reunirse, no una sino muchas veces, con los diferentes sectores del turismo en Quintana Roo.<\/p>\n<p>El pasado titular de Sectur, Miguel Torruco Marqu\u00e9s, vino muy pocas veces a Quintana Roo.<\/p>\n<p>Entre otras cosas se le olvid\u00f3 que el turismo es de nuestras principales fuentes de ingresos.<\/p>\n<p>Y que adem\u00e1s, en Quintana Roo, el turismo es el futuro de las nuevas generaciones y que si no se cuida al turismo la delincuencia seguir\u00e1 creciendo a pasos agigantados.<\/p>\n<p><strong>\u00a0<\/strong><\/p>\n<blockquote><p><strong>Las playas, el azul turquesa del mar y la naturaleza de Quintana Roo son \u00fanicos en el mundo, pero se est\u00e1 \u201cquemando\u201d el destino, la joya de nuestro turismo nacional, con tanto abuso y latrocinio en contra del turismo. Vernos en el espejo de Acapulco no es una frase equivocada<\/strong><\/p><\/blockquote>\n","protected":false},"excerpt":{"rendered":"<p>Apenas baja del avi\u00f3n, el turismo nacional e internacional en Canc\u00fan ya es acosado por una nube de gente mal encarada y grosera, que ofrece al visitante desde tiempos compartidos, hoteles, cuartos amueblados, tours, hasta \u201ctaxi\u201d a la puerta del hotel.<\/p>\n","protected":false},"author":3,"featured_media":636667,"comment_status":"open","ping_status":"open","sticky":false,"template":"","format":"standard","meta":{"_monsterinsights_skip_tracking":false,"_monsterinsights_sitenote_active":false,"_monsterinsights_sitenote_note":"","_monsterinsights_sitenote_category":0,"footnotes":""},"categories":[17,11],"tags":[817,100998,2527,2865,43681],"class_list":["post-636554","post","type-post","status-publish","format-standard","has-post-thumbnail","hentry","category-especiales","category-turismo","tag-cancun","tag-quemando","tag-riviera-maya","tag-sectur","tag-turismo"],"_links":{"self":[{"href":"https:\/\/www.diarioimagen.net\/index.php?rest_route=\/wp\/v2\/posts\/636554","targetHints":{"allow":["GET"]}}],"collection":[{"href":"https:\/\/www.diarioimagen.net\/index.php?rest_route=\/wp\/v2\/posts"}],"about":[{"href":"https:\/\/www.diarioimagen.net\/index.php?rest_route=\/wp\/v2\/types\/post"}],"author":[{"embeddable":true,"href":"https:\/\/www.diarioimagen.net\/index.php?rest_route=\/wp\/v2\/users\/3"}],"replies":[{"embeddable":true,"href":"https:\/\/www.diarioimagen.net\/index.php?rest_route=%2Fwp%2Fv2%2Fcomments&post=636554"}],"version-history":[{"count":0,"href":"https:\/\/www.diarioimagen.net\/index.php?rest_route=\/wp\/v2\/posts\/636554\/revisions"}],"wp:featuredmedia":[{"embeddable":true,"href":"https:\/\/www.diarioimagen.net\/index.php?rest_route=\/wp\/v2\/media\/636667"}],"wp:attachment":[{"href":"https:\/\/www.diarioimagen.net\/index.php?rest_route=%2Fwp%2Fv2%2Fmedia&parent=636554"}],"wp:term":[{"taxonomy":"category","embeddable":true,"href":"https:\/\/www.diarioimagen.net\/index.php?rest_route=%2Fwp%2Fv2%2Fcategories&post=636554"},{"taxonomy":"post_tag","embeddable":true,"href":"https:\/\/www.diarioimagen.net\/index.php?rest_route=%2Fwp%2Fv2%2Ftags&post=636554"}],"curies":[{"name":"wp","href":"https:\/\/api.w.org\/{rel}","templated":true}]}}