{"id":636564,"date":"2024-10-11T00:02:13","date_gmt":"2024-10-11T06:02:13","guid":{"rendered":"https:\/\/www.diarioimagen.net\/?p=636564"},"modified":"2024-10-15T02:34:29","modified_gmt":"2024-10-15T08:34:29","slug":"estan-en-pobreza-laboral-19-millones-de-personas-inegi","status":"publish","type":"post","link":"https:\/\/www.diarioimagen.net\/?p=636564","title":{"rendered":"Est\u00e1n en pobreza laboral,\u00a019\u00a0millones de\u00a0personas: Inegi"},"content":{"rendered":"<p>&nbsp;<\/p>\n<ul>\n<li><em><strong>Doce estados con inflaci\u00f3n mayor a la media nacional<\/strong><\/em><\/li>\n<\/ul>\n<p>&nbsp;<\/p>\n<div id=\"attachment_636674\" style=\"width: 470px\" class=\"wp-caption aligncenter\"><a href=\"https:\/\/www.diarioimagen.net\/?attachment_id=636674\" rel=\"attachment wp-att-636674\"><img loading=\"lazy\" decoding=\"async\" aria-describedby=\"caption-attachment-636674\" class=\"size-full wp-image-636674\" src=\"https:\/\/www.diarioimagen.net\/wp-content\/uploads\/2024\/10\/estan-en-pobreza-laboral.jpg\" alt=\"\" width=\"460\" height=\"270\" srcset=\"https:\/\/www.diarioimagen.net\/wp-content\/uploads\/2024\/10\/estan-en-pobreza-laboral.jpg 460w, https:\/\/www.diarioimagen.net\/wp-content\/uploads\/2024\/10\/estan-en-pobreza-laboral-240x141.jpg 240w\" sizes=\"auto, (max-width: 460px) 100vw, 460px\" \/><\/a><p id=\"caption-attachment-636674\" class=\"wp-caption-text\">En el pa\u00eds, hay 12 estados que reportan un aumento de la inflaci\u00f3n superior a la media nacional, de acuerdo con datos publicados por el Inegi.<\/p><\/div>\n<p>&nbsp;<\/p>\n<p>No obstante que la inflaci\u00f3n en M\u00e9xico moder\u00f3 su marcha al registrar una variaci\u00f3n anual de 4.58% en septiembre, hay 12 estados que reportan un aumento superior a la media nacional, de acuerdo con datos publicados por el Inegi.<\/p>\n<p>De los 51 millones de habitantes afectados en estos estados por la alza de precios, 19.1 millones (31.3%) se encuentran en pobreza laboral, es decir, que su ingreso no basta para cubrir el costo de una canasta alimentaria.<\/p>\n<p>Las entidades que destacan por una inflaci\u00f3n superior de la media nacional son: Baja California, con un alza general de precios anual de 5.74% en septiembre; Yucat\u00e1n, con 5.21%; Colima, 5.14%; Oaxaca, 5.04%; y Veracruz 5.0%. Estos cinco estados concentran una poblaci\u00f3n de 19.3 millones.<\/p>\n<p style=\"text-align: center;\"><strong>Resistencia a la baja<\/strong><\/p>\n<p>Un rubro de la inflaci\u00f3n que preocupa a los especialistas y autoridades monetarias es el relacionado con los servicios, cuyos precios acumulan 26 meses resisti\u00e9ndose a bajar de 5.0% anual.<\/p>\n<p>Descontando vivienda, salud y educaci\u00f3n, el segmento de \u2018Otros servicios\u2019 report\u00f3 un alza anual de 7.02% el mes pasado, de acuerdo con su clasificaci\u00f3n por objeto del gasto, que incluye restaurantes y similares, servicios profesionales, as\u00ed como servicios diversos.<\/p>\n<p>En este caso hay 22 estados con una inflaci\u00f3n superior a la media nacional, con una poblaci\u00f3n de 88.5 millones de habitantes, de los cuales 31.5 millones viven en pobreza laboral. Entre ellos destacan Nayarit, con un incremento anual de 11.23%; Estado de M\u00e9xico, 11.01%; Oaxaca, 10.04%; Colima, 9.8%, y Morelos, 9.53%. Estas cinco entidades suman 25.9 millones de habitantes, de los cuales 9.5 millones tienen condiciones de pobreza laboral.<\/p>\n<p>El subgobernador del Banco de M\u00e9xico, Jonathan Heath, opin\u00f3 que el banco central no deber\u00eda bajar su tasa objetivo, manteniendo con ello una postura monetaria restrictiva hasta ver que se rompa la persistencia de la inflaci\u00f3n de los servicios.<\/p>\n<p style=\"text-align: center;\"><strong>Aumentos al salario m\u00ednimo ya no estar\u00e1n por debajo de la inflaci\u00f3n<\/strong><\/p>\n<p>El pleno del Senado aprob\u00f3 por unanimidad el dictamen que establece que la fijaci\u00f3n anual de los salarios m\u00ednimos generales o profesionales, as\u00ed como la revisi\u00f3n de los mismos, nunca estar\u00e1 por debajo de la inflaci\u00f3n observada durante el periodo de su vigencia.<\/p>\n<p>El proyecto que plantea modificar el art\u00edculo 123 de la Constituci\u00f3n fue aprobado con 124 votos a favor, y enviado a las legislaturas de las entidades federativas y de la Ciudad de M\u00e9xico, de acuerdo con un comunicado de la C\u00e1mara alta.<\/p>\n<p>La reforma busca mejorar las condiciones laborales de las personas a trav\u00e9s de salarios dignos, as\u00ed como garantizar que sean suficientes para satisfacer las necesidades de los trabajadores y sus familias, seg\u00fan los promotores de la propuesta.<\/p>\n<p>El dictamen precisa que las maestras y los maestros de nivel b\u00e1sico de tiempo completo, polic\u00edas, guardias nacionales, integrantes de la Fuerza Armada permanente, as\u00ed como m\u00e9dicos y enfermeros, percibir\u00e1n un salario mensual que no podr\u00e1 ser inferior al salario promedio registrado ante el IMSS.<\/p>\n","protected":false},"excerpt":{"rendered":"<p>No obstante que la inflaci\u00f3n en M\u00e9xico moder\u00f3 su marcha al registrar una variaci\u00f3n anual de 4.58% en septiembre, hay 12 estados que reportan un aumento superior a la media nacional, de acuerdo con datos publicados por el Inegi.<\/p>\n","protected":false},"author":3,"featured_media":636674,"comment_status":"open","ping_status":"open","sticky":false,"template":"","format":"standard","meta":{"_monsterinsights_skip_tracking":false,"_monsterinsights_sitenote_active":false,"_monsterinsights_sitenote_note":"","_monsterinsights_sitenote_category":0,"footnotes":""},"categories":[17,8],"tags":[43678,193,100014],"class_list":["post-636564","post","type-post","status-publish","format-standard","has-post-thumbnail","hentry","category-especiales","category-finanzas","tag-finanzas","tag-inegi","tag-pobreza-laboral"],"_links":{"self":[{"href":"https:\/\/www.diarioimagen.net\/index.php?rest_route=\/wp\/v2\/posts\/636564","targetHints":{"allow":["GET"]}}],"collection":[{"href":"https:\/\/www.diarioimagen.net\/index.php?rest_route=\/wp\/v2\/posts"}],"about":[{"href":"https:\/\/www.diarioimagen.net\/index.php?rest_route=\/wp\/v2\/types\/post"}],"author":[{"embeddable":true,"href":"https:\/\/www.diarioimagen.net\/index.php?rest_route=\/wp\/v2\/users\/3"}],"replies":[{"embeddable":true,"href":"https:\/\/www.diarioimagen.net\/index.php?rest_route=%2Fwp%2Fv2%2Fcomments&post=636564"}],"version-history":[{"count":0,"href":"https:\/\/www.diarioimagen.net\/index.php?rest_route=\/wp\/v2\/posts\/636564\/revisions"}],"wp:featuredmedia":[{"embeddable":true,"href":"https:\/\/www.diarioimagen.net\/index.php?rest_route=\/wp\/v2\/media\/636674"}],"wp:attachment":[{"href":"https:\/\/www.diarioimagen.net\/index.php?rest_route=%2Fwp%2Fv2%2Fmedia&parent=636564"}],"wp:term":[{"taxonomy":"category","embeddable":true,"href":"https:\/\/www.diarioimagen.net\/index.php?rest_route=%2Fwp%2Fv2%2Fcategories&post=636564"},{"taxonomy":"post_tag","embeddable":true,"href":"https:\/\/www.diarioimagen.net\/index.php?rest_route=%2Fwp%2Fv2%2Ftags&post=636564"}],"curies":[{"name":"wp","href":"https:\/\/api.w.org\/{rel}","templated":true}]}}