{"id":636582,"date":"2024-10-11T00:01:09","date_gmt":"2024-10-11T06:01:09","guid":{"rendered":"https:\/\/www.diarioimagen.net\/?p=636582"},"modified":"2024-10-11T02:03:53","modified_gmt":"2024-10-11T08:03:53","slug":"en-mexico-no-podemos-tener-mas-muertes-violentas-enrique-vargas-del-villar","status":"publish","type":"post","link":"https:\/\/www.diarioimagen.net\/?p=636582","title":{"rendered":"En M\u00e9xico no podemos tener m\u00e1s muertes violentas: Enrique Vargas del Villar"},"content":{"rendered":"<p>&nbsp;<\/p>\n<ul>\n<li><em><strong>A favor de que regrese el Fortaseg<\/strong><\/em><\/li>\n<\/ul>\n<p><strong>\u00a0<\/strong><\/p>\n<h6>Arturo Baena<\/h6>\n<p>&nbsp;<\/p>\n<div id=\"attachment_636708\" style=\"width: 470px\" class=\"wp-caption aligncenter\"><a href=\"https:\/\/www.diarioimagen.net\/?attachment_id=636708\" rel=\"attachment wp-att-636708\"><img loading=\"lazy\" decoding=\"async\" aria-describedby=\"caption-attachment-636708\" class=\"size-full wp-image-636708\" src=\"https:\/\/www.diarioimagen.net\/wp-content\/uploads\/2024\/10\/en-mexico-no-podemos.jpg\" alt=\"\" width=\"460\" height=\"270\" srcset=\"https:\/\/www.diarioimagen.net\/wp-content\/uploads\/2024\/10\/en-mexico-no-podemos.jpg 460w, https:\/\/www.diarioimagen.net\/wp-content\/uploads\/2024\/10\/en-mexico-no-podemos-240x141.jpg 240w\" sizes=\"auto, (max-width: 460px) 100vw, 460px\" \/><\/a><p id=\"caption-attachment-636708\" class=\"wp-caption-text\">Enrique Vargas del Villar lament\u00f3 que M\u00e9xico est\u00e9 viviendo una situaci\u00f3n sumamente violenta con 200 mil muertos y 50 mil desaparecidos en los \u00faltimos seis a\u00f1os.<\/p><\/div>\n<p>&nbsp;<\/p>\n<p><strong>Valle de M\u00e9xico.\u2014<\/strong> El senador mexiquense Enrique Vargas del Villar lament\u00f3 que M\u00e9xico est\u00e9 viviendo una situaci\u00f3n sumamente violenta con 200 mil muertos y 50 mil desaparecidos en los \u00faltimos 6 a\u00f1os y eso no va a cambiar sino hay una estrategia clara de c\u00f3mo hacerlo desde las polic\u00edas municipales, estatales y la Guardia Nacional.<\/p>\n<p>Destac\u00f3 que la seguridad, no es un tema de partidos pol\u00edticos, por eso Acci\u00f3n Nacional, respaldar\u00e1 en materia de seguridad p\u00fablica a la Presidenta de M\u00e9xico, pero tambi\u00e9n es necesario que el secretario Omar Garc\u00eda Harfuch explique la estrategia nacional en materia de seguridad.\u00a0 \u201cTambi\u00e9n es necesario escuchar a los gobernadores y gobernadoras y digan que es lo que necesitan\u201d, dijo.<\/p>\n<p>Por ello se pronunci\u00f3 porque regrese el Fortaseg, al ser un recurso que necesitan los gobiernos municipales que les representa mucho, ya que con ese dinero pueden pagar sueldos, comprar armamento y patrullas.\u201d Se tiene que empujar el regreso de este fondo de seguridad, ya que hay m\u00e1s de 700 municipios que no tienen un solo polic\u00eda, situaci\u00f3n que no puede seguir as\u00ed\u201d.<\/p>\n<p>Vargas del Villar enfatiz\u00f3 que no puede haber m\u00e1s muertes violentas en M\u00e9xico, como las ocurridas lamentablemente con el alcalde de Chilpancingo, el secretario del Ayuntamiento y quien ser\u00eda su director de Seguridad P\u00fablica.<\/p>\n<p>Vargas del Villar\u00a0 puntualiz\u00f3 que se tiene que reconocer que es lo que est\u00e1 pasando y dar un giro certero para recobrar la tranquilidad, por ello es urgente conocer la estrategia nacional de seguridad y juntos trabajar por el bien de nuestro querido M\u00e9xico.<\/p>\n","protected":false},"excerpt":{"rendered":"<p>El senador mexiquense Enrique Vargas del Villar lament\u00f3 que M\u00e9xico est\u00e9 viviendo una situaci\u00f3n sumamente violenta con 200 mil muertos y 50 mil desaparecidos en los \u00faltimos 6 a\u00f1os y eso no va a cambiar sino hay una estrategia clara de c\u00f3mo hacerlo desde las polic\u00edas municipales, estatales y la Guardia Nacional.<\/p>\n","protected":false},"author":3,"featured_media":636708,"comment_status":"open","ping_status":"open","sticky":false,"template":"","format":"standard","meta":{"_monsterinsights_skip_tracking":false,"_monsterinsights_sitenote_active":false,"_monsterinsights_sitenote_note":"","_monsterinsights_sitenote_category":0,"footnotes":""},"categories":[5],"tags":[47218,90252,4160],"class_list":["post-636582","post","type-post","status-publish","format-standard","has-post-thumbnail","hentry","category-estado-de-mexico","tag-enrique-vargas-del-villar","tag-fortaseg","tag-guardia-nacional"],"_links":{"self":[{"href":"https:\/\/www.diarioimagen.net\/index.php?rest_route=\/wp\/v2\/posts\/636582","targetHints":{"allow":["GET"]}}],"collection":[{"href":"https:\/\/www.diarioimagen.net\/index.php?rest_route=\/wp\/v2\/posts"}],"about":[{"href":"https:\/\/www.diarioimagen.net\/index.php?rest_route=\/wp\/v2\/types\/post"}],"author":[{"embeddable":true,"href":"https:\/\/www.diarioimagen.net\/index.php?rest_route=\/wp\/v2\/users\/3"}],"replies":[{"embeddable":true,"href":"https:\/\/www.diarioimagen.net\/index.php?rest_route=%2Fwp%2Fv2%2Fcomments&post=636582"}],"version-history":[{"count":0,"href":"https:\/\/www.diarioimagen.net\/index.php?rest_route=\/wp\/v2\/posts\/636582\/revisions"}],"wp:featuredmedia":[{"embeddable":true,"href":"https:\/\/www.diarioimagen.net\/index.php?rest_route=\/wp\/v2\/media\/636708"}],"wp:attachment":[{"href":"https:\/\/www.diarioimagen.net\/index.php?rest_route=%2Fwp%2Fv2%2Fmedia&parent=636582"}],"wp:term":[{"taxonomy":"category","embeddable":true,"href":"https:\/\/www.diarioimagen.net\/index.php?rest_route=%2Fwp%2Fv2%2Fcategories&post=636582"},{"taxonomy":"post_tag","embeddable":true,"href":"https:\/\/www.diarioimagen.net\/index.php?rest_route=%2Fwp%2Fv2%2Ftags&post=636582"}],"curies":[{"name":"wp","href":"https:\/\/api.w.org\/{rel}","templated":true}]}}