{"id":636624,"date":"2024-10-11T00:04:03","date_gmt":"2024-10-11T06:04:03","guid":{"rendered":"https:\/\/www.diarioimagen.net\/?p=636624"},"modified":"2024-10-11T01:16:09","modified_gmt":"2024-10-11T07:16:09","slug":"crisis-de-inconstitucionalidad","status":"publish","type":"post","link":"https:\/\/www.diarioimagen.net\/?p=636624","title":{"rendered":"Crisis de inconstitucionalidad"},"content":{"rendered":"<h2>De pe a pa<\/h2>\n<h5>Alberto Vieyra G.<\/h5>\n<p>&nbsp;<\/p>\n<p>El odio de AMLO contra los reg\u00edmenes priistas y panistas llev\u00f3 a la mayor\u00eda legislativa espuria a legislar con los pies.<\/p>\n<p>Adem\u00e1s los art\u00edculos 1 y 133 de la Carta Magna que en anterior entrega advertimos lo que hab\u00edan hecho en las marranadas hechas por AMLO y sus secuaces diputados y senadores, durante la demencial reforma al Poder Judicial, ahora los ilustres juristas Diego Valad\u00e9s y Miguel Carbonel acaban de hacer un hallazgo que retrata a AMLO y sus legisladores como unos puercos, que sin ning\u00fan rubor violaron su propia reforma constitucional en los art\u00edculos 94 y 97, y metieron a M\u00e9xico en una crisis de inconstitucionalidad en la que los poderes Ejecutivo y Legislativo gobiernan a la Suprema Corte de Justicia de la Naci\u00f3n.<\/p>\n<p>El art\u00edculo 94 constitucional reza: \u201cLa Suprema Corte de Justicia de la Naci\u00f3n se compondr\u00e1 de nueve integrantes, ministras y ministros, y funcionar\u00e1 en pleno. Su presidencia se renovar\u00e1 cada dos a\u00f1os de manera rotatoria en funci\u00f3n del n\u00famero de votos que obtenga cada candidatura en la elecci\u00f3n respectiva, correspondiendo la presidencia a quienes alcancen mayor votaci\u00f3n\u201d.<\/p>\n<p>Pero en el art\u00edculo 97, en su loca carrera por legislar al vapor, por \u00f3rdenes del ponzo\u00f1oso Dios sexenal que en buena hora ya se fue, metieron las 4 en el quinto p\u00e1rrafo del art\u00edculo 97 que reza:<\/p>\n<p>\u201cCada cuatro a\u00f1os, el pleno elegir\u00e1 de entre sus miembros al presidente de la Suprema Corte\u2026\u201d.<\/p>\n<p>Por fin, \u00bfen qu\u00e9 quedamos pelona me llevas o no me llevas?<\/p>\n<p>S\u00ed, de ese tama\u00f1o fueron las marranadas y ahora lo que procede es hacer una reforma de la reforma y como parece que la Presidenta cient\u00edfica est\u00e1 dispuesta a dialogar con la Corte y la oposici\u00f3n para llevar a cabo una reforma judicial que no dinamite la divisi\u00f3n de poderes, pues esta es la oportunidad que Claudia tiene, si es que quieren la reforma judicial como la concibi\u00f3 el h\u00edgado de AMLO o de lo contrario, ya suman muchas violaciones a la Carta Magna lo que llevar\u00e1 a la Corte a declarar la inconstitucionalidad de dicha aberrante reforma, como lo exigen PRI, PAN y algunos estados en la rep\u00fablica mexicana.<\/p>\n<p>El l\u00edder morenista en la C\u00e1mara de Diputados, Ricardo Monreal, ha dicho que s\u00ed se puede hacer la reforma de la reforma, pero su coleguita Gerardo Fern\u00e1ndez Noro\u00f1a, l\u00edder del Senado dice que no, \u201cque se va como est\u00e1\u201d. Y por lo visto, este cuate no est\u00e1 dispuesto ni a estudiar lo que debe saber en materia de leyes y de Estado de Derecho, despu\u00e9s de que algunos han dicho que ya se estaba civilizando el l\u00edder senatorial, pero por lo visto est\u00e1 dispuesto a seguir \u201cnoro\u00f1izando\u201d la pol\u00edtica azteca.<\/p>\n<p>A esas alturas del partido, usted amable lector o radioescucha se preguntar\u00e1, pues \u201c\u00bfqui\u00e9n manda en esta naci\u00f3n en la hasta hoy se supone que hay una divisi\u00f3n de poderes y que el poder de la Corte se fundamenta en que debe analizar palabra por palabra, si las leyes que hacen los legisladores y el Presidente de la Rep\u00fablica sirven o no sirven, si trastocan o no trastocan derechos humanos, si dinamitan o no instituciones o violan tratados internacionales?<\/p>\n<p>Tanto juristas de afamado prestigio nacional e internacional, como Diego Valad\u00e9s, y los partidos pol\u00edticos de oposici\u00f3n, coinciden en algo que los reacios morenistas se niegan a ver porque actuaron con toda la embriaguez de la soberbia para hacerle a AMLO el regalo del odio.<\/p>\n<p>El PRI, por ejemplo, dice que lo que M\u00e9xico requiere es una reforma de justicia y no una reforma al Poder Judicial. A\u00f1ade que el Presidente, diputados y senadores hicieron la reforma con vicios que ameritan su inconstitucionalidad como el no contar con el qu\u00f3rum reglamentario, falta de deliberaci\u00f3n p\u00fablica, y la falta de difusi\u00f3n de la ley como reforma constitucional en las entidades federativas, donde se aprob\u00f3 en menos de 24 horas.<\/p>\n<p>\u00bfVerdad que esto se va a la congeladora de la Corte?<\/p>\n<p><em><a href=\"mailto:info@agenciamn.com\" target=\"_blank\" rel=\"noopener noreferrer\">info@agenciamn.com<\/a><\/em><\/p>\n","protected":false},"excerpt":{"rendered":"<p><span style=\"color: #005497;\"><strong>Alberto Vieyra G.<\/strong><\/span><\/p>\n","protected":false},"author":3,"featured_media":0,"comment_status":"open","ping_status":"open","sticky":false,"template":"","format":"standard","meta":{"_monsterinsights_skip_tracking":false,"_monsterinsights_sitenote_active":false,"_monsterinsights_sitenote_note":"","_monsterinsights_sitenote_category":0,"footnotes":""},"categories":[4596],"tags":[43697,4597,43674],"class_list":["post-636624","post","type-post","status-publish","format-standard","hentry","category-alberto-vieyra-g","tag-alberto-vieyra-g","tag-de-pe-a-pa","tag-opinion"],"_links":{"self":[{"href":"https:\/\/www.diarioimagen.net\/index.php?rest_route=\/wp\/v2\/posts\/636624","targetHints":{"allow":["GET"]}}],"collection":[{"href":"https:\/\/www.diarioimagen.net\/index.php?rest_route=\/wp\/v2\/posts"}],"about":[{"href":"https:\/\/www.diarioimagen.net\/index.php?rest_route=\/wp\/v2\/types\/post"}],"author":[{"embeddable":true,"href":"https:\/\/www.diarioimagen.net\/index.php?rest_route=\/wp\/v2\/users\/3"}],"replies":[{"embeddable":true,"href":"https:\/\/www.diarioimagen.net\/index.php?rest_route=%2Fwp%2Fv2%2Fcomments&post=636624"}],"version-history":[{"count":0,"href":"https:\/\/www.diarioimagen.net\/index.php?rest_route=\/wp\/v2\/posts\/636624\/revisions"}],"wp:attachment":[{"href":"https:\/\/www.diarioimagen.net\/index.php?rest_route=%2Fwp%2Fv2%2Fmedia&parent=636624"}],"wp:term":[{"taxonomy":"category","embeddable":true,"href":"https:\/\/www.diarioimagen.net\/index.php?rest_route=%2Fwp%2Fv2%2Fcategories&post=636624"},{"taxonomy":"post_tag","embeddable":true,"href":"https:\/\/www.diarioimagen.net\/index.php?rest_route=%2Fwp%2Fv2%2Ftags&post=636624"}],"curies":[{"name":"wp","href":"https:\/\/api.w.org\/{rel}","templated":true}]}}