{"id":636766,"date":"2024-10-14T00:03:36","date_gmt":"2024-10-14T06:03:36","guid":{"rendered":"https:\/\/www.diarioimagen.net\/?p=636766"},"modified":"2024-10-14T01:55:49","modified_gmt":"2024-10-14T07:55:49","slug":"reconocen-empresarios-estrategia-financiera-implementada-en-edomex","status":"publish","type":"post","link":"https:\/\/www.diarioimagen.net\/?p=636766","title":{"rendered":"Reconocen empresarios estrategia financiera implementada en Edomex"},"content":{"rendered":"<p>&nbsp;<\/p>\n<ul>\n<li><em><strong>Centrada en el bienestar comunitario<\/strong><\/em><\/li>\n<\/ul>\n<p>&nbsp;<\/p>\n<h6>Arturo Baena<\/h6>\n<p>&nbsp;<\/p>\n<div id=\"attachment_636907\" style=\"width: 470px\" class=\"wp-caption aligncenter\"><a href=\"https:\/\/www.diarioimagen.net\/?attachment_id=636907\" rel=\"attachment wp-att-636907\"><img loading=\"lazy\" decoding=\"async\" aria-describedby=\"caption-attachment-636907\" class=\"size-full wp-image-636907\" src=\"https:\/\/www.diarioimagen.net\/wp-content\/uploads\/2024\/10\/reconocen-empresarios.jpg\" alt=\"\" width=\"460\" height=\"270\" srcset=\"https:\/\/www.diarioimagen.net\/wp-content\/uploads\/2024\/10\/reconocen-empresarios.jpg 460w, https:\/\/www.diarioimagen.net\/wp-content\/uploads\/2024\/10\/reconocen-empresarios-240x141.jpg 240w\" sizes=\"auto, (max-width: 460px) 100vw, 460px\" \/><\/a><p id=\"caption-attachment-636907\" class=\"wp-caption-text\">Enrique Aparicio L\u00f3pez, presidente del Consejo de Coordinaci\u00f3n Empresarial\u00a0 e Industrial Nacional A.C., destac\u00f3 labor de Paulina Moreno, secretaria de Finanzas del Gobierno del Edomex.<\/p><\/div>\n<p>&nbsp;<\/p>\n<p><strong>Valle de M\u00e9xico.\u2014<\/strong> Diferentes sectores de la sociedad reconocieron la estrategia financiera implementada por la gobernadora Delfina G\u00f3mez \u00c1lvarez, la cual est\u00e1 centrada en el bienestar comunitario.<\/p>\n<p>Enrique Aparicio L\u00f3pez, presidente del Consejo de Coordinaci\u00f3n Empresarial e Industrial Nacional A.C., en representaci\u00f3n de l\u00edderes empresariales, afirm\u00f3 que la \u201csecretaria de Finanzas del Gobierno del Estado de M\u00e9xico, que encabeza\u00a0 Paulina Moreno Garc\u00eda, ha realizado una excelente labor, que ha permitido promover un gobierno honesto, transparente, responsable y austero, que rinde cuentas claras, a partir del uso eficaz y eficiente de los recursos p\u00fablicos\u201d.<\/p>\n<p>En ese sentido,\u00a0 la titular de la Secretar\u00eda de Finanzas afirm\u00f3 que frente a un contexto econ\u00f3mico mundial complejo marcado por la incertidumbre, tasas de inflaci\u00f3n elevadas y conflictos armados a nivel mundial, el pa\u00eds y el Estado de M\u00e9xico han sabido mantener el rumbo hacia el crecimiento sostenido.<\/p>\n<p>Paulina Moreno Garc\u00eda detall\u00f3 que fue necesario adoptar una estrategia innovadora que fortaleciera los ingresos a trav\u00e9s del mejor uso de inteligencia tributaria, una mejora al modelo de fiscalizaci\u00f3n y la optimizaci\u00f3n de los rendimientos.<\/p>\n<p>Finalmente, Moreno Garcia, abund\u00f3: \u201cdesarrollamos la App Llave EdoMex sin la contrataci\u00f3n de terceros, que representa una valiosa herramienta para realizar de forma pr\u00e1ctica, \u00e1gil y segura, tr\u00e1mites y servicios de manera digital\u201d.<\/p>\n","protected":false},"excerpt":{"rendered":"<p>Diferentes sectores de la sociedad reconocieron la estrategia financiera implementada por la gobernadora Delfina G\u00f3mez \u00c1lvarez, la cual est\u00e1 centrada en el bienestar comunitario.<\/p>\n","protected":false},"author":3,"featured_media":636907,"comment_status":"open","ping_status":"open","sticky":false,"template":"","format":"standard","meta":{"_monsterinsights_skip_tracking":false,"_monsterinsights_sitenote_active":false,"_monsterinsights_sitenote_note":"","_monsterinsights_sitenote_category":0,"footnotes":""},"categories":[5],"tags":[10071,43675,96441],"class_list":["post-636766","post","type-post","status-publish","format-standard","has-post-thumbnail","hentry","category-estado-de-mexico","tag-empresarios","tag-estado-de-mexico","tag-financiera"],"_links":{"self":[{"href":"https:\/\/www.diarioimagen.net\/index.php?rest_route=\/wp\/v2\/posts\/636766","targetHints":{"allow":["GET"]}}],"collection":[{"href":"https:\/\/www.diarioimagen.net\/index.php?rest_route=\/wp\/v2\/posts"}],"about":[{"href":"https:\/\/www.diarioimagen.net\/index.php?rest_route=\/wp\/v2\/types\/post"}],"author":[{"embeddable":true,"href":"https:\/\/www.diarioimagen.net\/index.php?rest_route=\/wp\/v2\/users\/3"}],"replies":[{"embeddable":true,"href":"https:\/\/www.diarioimagen.net\/index.php?rest_route=%2Fwp%2Fv2%2Fcomments&post=636766"}],"version-history":[{"count":0,"href":"https:\/\/www.diarioimagen.net\/index.php?rest_route=\/wp\/v2\/posts\/636766\/revisions"}],"wp:featuredmedia":[{"embeddable":true,"href":"https:\/\/www.diarioimagen.net\/index.php?rest_route=\/wp\/v2\/media\/636907"}],"wp:attachment":[{"href":"https:\/\/www.diarioimagen.net\/index.php?rest_route=%2Fwp%2Fv2%2Fmedia&parent=636766"}],"wp:term":[{"taxonomy":"category","embeddable":true,"href":"https:\/\/www.diarioimagen.net\/index.php?rest_route=%2Fwp%2Fv2%2Fcategories&post=636766"},{"taxonomy":"post_tag","embeddable":true,"href":"https:\/\/www.diarioimagen.net\/index.php?rest_route=%2Fwp%2Fv2%2Ftags&post=636766"}],"curies":[{"name":"wp","href":"https:\/\/api.w.org\/{rel}","templated":true}]}}