{"id":636770,"date":"2024-10-14T00:04:11","date_gmt":"2024-10-14T06:04:11","guid":{"rendered":"https:\/\/www.diarioimagen.net\/?p=636770"},"modified":"2024-10-14T01:55:52","modified_gmt":"2024-10-14T07:55:52","slug":"necesitamos-un-salario-justo-para-los-trabajadores-dice-roman-cortes","status":"publish","type":"post","link":"https:\/\/www.diarioimagen.net\/?p=636770","title":{"rendered":"Necesitamos un salario justo para los trabajadores, dice Rom\u00e1n Cort\u00e9s"},"content":{"rendered":"<p>&nbsp;<\/p>\n<ul>\n<li><strong><em>Propuesta en el Congreso mexiquense<\/em><\/strong><\/li>\n<\/ul>\n<p><strong>\u00a0<\/strong><\/p>\n<h6>Arturo Baena<\/h6>\n<p>&nbsp;<\/p>\n<div id=\"attachment_636908\" style=\"width: 470px\" class=\"wp-caption aligncenter\"><a href=\"https:\/\/www.diarioimagen.net\/?attachment_id=636908\" rel=\"attachment wp-att-636908\"><img loading=\"lazy\" decoding=\"async\" aria-describedby=\"caption-attachment-636908\" class=\"size-full wp-image-636908\" src=\"https:\/\/www.diarioimagen.net\/wp-content\/uploads\/2024\/10\/necesitamos-un-salario-justo.jpg\" alt=\"\" width=\"460\" height=\"270\" srcset=\"https:\/\/www.diarioimagen.net\/wp-content\/uploads\/2024\/10\/necesitamos-un-salario-justo.jpg 460w, https:\/\/www.diarioimagen.net\/wp-content\/uploads\/2024\/10\/necesitamos-un-salario-justo-240x141.jpg 240w\" sizes=\"auto, (max-width: 460px) 100vw, 460px\" \/><\/a><p id=\"caption-attachment-636908\" class=\"wp-caption-text\">El diputado Rom\u00e1n Cort\u00e9s propuso en el Congreso mexiquense que haya \u201csalarios justos para quienes dedican la vida al servicio de los dem\u00e1s.<\/p><\/div>\n<p>&nbsp;<\/p>\n<p><strong>Atizap\u00e1n de Zaragoza, Estado de M\u00e9xico.\u2014<\/strong> Un trabajador bien remunerado se traduce en el bienestar familiar y, por ende, en el desarrollo econ\u00f3mico, no s\u00f3lo del Estado de Mexico, sino del pa\u00eds. Necesitamos un M\u00e9xico justo para la clase trabajadora, pues con ellos el futuro de nuestra sociedad estar\u00eda garantizado.<\/p>\n<p>Afirm\u00f3 lo anterior, el diputado Rom\u00e1n Cort\u00e9s, al proponer en el Congreso mexiquense, haya \u201csalarios justos para quienes dedican la vida al servicio de los dem\u00e1s y quienes son una pieza fundamental para nuestro crecimiento\u201d, dijo.<\/p>\n<p>Por ello, el legislador del PAN, asegur\u00f3 que \u201cmaestros, medicos, enfermeras, polic\u00edas, integrantes de la Guardia Nacional y de las fuerzas armadas permanentes, entre otros,\u00a0 don pilares fundamentales en la construcci\u00f3n de una sociedad m\u00e1s justa, fuerte y segura\u201d, destac\u00f3.<\/p>\n<p>Sin embargo, continu\u00f3, a pesar de la magnitud de su labor, muchos de estos trabajadores se enfrentan a la dura realidad de salarios que no reflejan su esfuerzo ni su dedicaci\u00f3n.<\/p>\n<p>Por ello, apunt\u00f3 que \u201ces crucial que propongamos que el salario mensual sea justo y no sea inferior al promedio registrado ante el Instituto Mexicano del Seguro Social y otras instituciones de car\u00e1cter m\u00e9dico-asistencial\u201d.<\/p>\n<p>Finalmemte, el diputado atizapense. Rom\u00e1n Cort\u00e9s,\u00a0 afirm\u00f3 que \u201cel\u00a0 GPPAN est\u00e1 a favor de la dignidad laboral en el trabajo\u00a0 y generar el bienestar de quienes dedican su vida al servicio de la comunidad\u201d.<\/p>\n","protected":false},"excerpt":{"rendered":"<p>Un trabajador bien remunerado se traduce en el bienestar familiar y, por ende, en el desarrollo econ\u00f3mico, no s\u00f3lo del Estado de Mexico, sino del pa\u00eds. Necesitamos un M\u00e9xico justo para la clase trabajadora, pues con ellos el futuro de nuestra sociedad estar\u00eda garantizado.<\/p>\n","protected":false},"author":3,"featured_media":636908,"comment_status":"open","ping_status":"open","sticky":false,"template":"","format":"standard","meta":{"_monsterinsights_skip_tracking":false,"_monsterinsights_sitenote_active":false,"_monsterinsights_sitenote_note":"","_monsterinsights_sitenote_category":0,"footnotes":""},"categories":[5],"tags":[3561,43675,98512],"class_list":["post-636770","post","type-post","status-publish","format-standard","has-post-thumbnail","hentry","category-estado-de-mexico","tag-atizapan-de-zaragoza","tag-estado-de-mexico","tag-roman-cortes"],"_links":{"self":[{"href":"https:\/\/www.diarioimagen.net\/index.php?rest_route=\/wp\/v2\/posts\/636770","targetHints":{"allow":["GET"]}}],"collection":[{"href":"https:\/\/www.diarioimagen.net\/index.php?rest_route=\/wp\/v2\/posts"}],"about":[{"href":"https:\/\/www.diarioimagen.net\/index.php?rest_route=\/wp\/v2\/types\/post"}],"author":[{"embeddable":true,"href":"https:\/\/www.diarioimagen.net\/index.php?rest_route=\/wp\/v2\/users\/3"}],"replies":[{"embeddable":true,"href":"https:\/\/www.diarioimagen.net\/index.php?rest_route=%2Fwp%2Fv2%2Fcomments&post=636770"}],"version-history":[{"count":0,"href":"https:\/\/www.diarioimagen.net\/index.php?rest_route=\/wp\/v2\/posts\/636770\/revisions"}],"wp:featuredmedia":[{"embeddable":true,"href":"https:\/\/www.diarioimagen.net\/index.php?rest_route=\/wp\/v2\/media\/636908"}],"wp:attachment":[{"href":"https:\/\/www.diarioimagen.net\/index.php?rest_route=%2Fwp%2Fv2%2Fmedia&parent=636770"}],"wp:term":[{"taxonomy":"category","embeddable":true,"href":"https:\/\/www.diarioimagen.net\/index.php?rest_route=%2Fwp%2Fv2%2Fcategories&post=636770"},{"taxonomy":"post_tag","embeddable":true,"href":"https:\/\/www.diarioimagen.net\/index.php?rest_route=%2Fwp%2Fv2%2Ftags&post=636770"}],"curies":[{"name":"wp","href":"https:\/\/api.w.org\/{rel}","templated":true}]}}