{"id":636772,"date":"2024-10-14T00:01:42","date_gmt":"2024-10-14T06:01:42","guid":{"rendered":"https:\/\/www.diarioimagen.net\/?p=636772"},"modified":"2024-10-14T23:23:52","modified_gmt":"2024-10-15T05:23:52","slug":"continuan-trabajos-de-repavimentacion-en-huixquilucan-romina-contreras-carrasco","status":"publish","type":"post","link":"https:\/\/www.diarioimagen.net\/?p=636772","title":{"rendered":"Contin\u00faan trabajos de repavimentacion en Huixquilucan: Romina Contreras Carrasco"},"content":{"rendered":"<p>&nbsp;<\/p>\n<p><a href=\"https:\/\/www.diarioimagen.net\/?attachment_id=636903\" rel=\"attachment wp-att-636903\"><img loading=\"lazy\" decoding=\"async\" class=\"aligncenter size-full wp-image-636903\" src=\"https:\/\/www.diarioimagen.net\/wp-content\/uploads\/2024\/10\/continuan-trabajos-repavimentacion.jpg\" alt=\"\" width=\"460\" height=\"270\" srcset=\"https:\/\/www.diarioimagen.net\/wp-content\/uploads\/2024\/10\/continuan-trabajos-repavimentacion.jpg 460w, https:\/\/www.diarioimagen.net\/wp-content\/uploads\/2024\/10\/continuan-trabajos-repavimentacion-240x141.jpg 240w\" sizes=\"auto, (max-width: 460px) 100vw, 460px\" \/><\/a><\/p>\n<p>&nbsp;<\/p>\n<p><strong>Huixquilucan, Estado de M\u00e9xico.\u2014 <\/strong>Para continuar con la mejora de la infraestructura vial, as\u00ed como embellecer el entorno urbano para aumentar la plusval\u00eda de las viviendas en beneficio de las familias, el gobierno de Huixquilucan entreg\u00f3 la repavimentaci\u00f3n con concreto hidr\u00e1ulico de las calles Fuente de la Pen\u00ednsula y Fuente de Emperatriz, ubicadas en el fraccionamiento Lomas de Tecamachalco, Secci\u00f3n Bosques I y II y Secci\u00f3n Cumbres, respectivamente.<\/p>\n<p>En el marco de la visita que realiz\u00f3 el gobierno municipal con el programa \u201cHuixquilucan Contigo 24\/7\u201d, la alcaldesa Romina Contreras Carrasco detall\u00f3 que, para ambas obras, se destin\u00f3 una inversi\u00f3n superior a los 10 millones de pesos, con el objetivo de mejorar las vialidades, adem\u00e1s de reducir los tiempos de traslado.<\/p>\n","protected":false},"excerpt":{"rendered":"<p>Para continuar con la mejora de la infraestructura vial, as\u00ed como embellecer el entorno urbano para aumentar la plusval\u00eda de las viviendas en beneficio de las familias, el gobierno de Huixquilucan entreg\u00f3 la repavimentaci\u00f3n con concreto hidr\u00e1ulico de las calles Fuente de la Pen\u00ednsula y Fuente de Emperatriz, ubicadas en el fraccionamiento Lomas de Tecamachalco, Secci\u00f3n Bosques I y II y Secci\u00f3n Cumbres, respectivamente.<\/p>\n","protected":false},"author":3,"featured_media":636903,"comment_status":"open","ping_status":"open","sticky":false,"template":"","format":"standard","meta":{"_monsterinsights_skip_tracking":false,"_monsterinsights_sitenote_active":false,"_monsterinsights_sitenote_note":"","_monsterinsights_sitenote_category":0,"footnotes":""},"categories":[5],"tags":[43675,1097,69214],"class_list":["post-636772","post","type-post","status-publish","format-standard","has-post-thumbnail","hentry","category-estado-de-mexico","tag-estado-de-mexico","tag-huixquilucan","tag-lomas-de-tecamachalco"],"_links":{"self":[{"href":"https:\/\/www.diarioimagen.net\/index.php?rest_route=\/wp\/v2\/posts\/636772","targetHints":{"allow":["GET"]}}],"collection":[{"href":"https:\/\/www.diarioimagen.net\/index.php?rest_route=\/wp\/v2\/posts"}],"about":[{"href":"https:\/\/www.diarioimagen.net\/index.php?rest_route=\/wp\/v2\/types\/post"}],"author":[{"embeddable":true,"href":"https:\/\/www.diarioimagen.net\/index.php?rest_route=\/wp\/v2\/users\/3"}],"replies":[{"embeddable":true,"href":"https:\/\/www.diarioimagen.net\/index.php?rest_route=%2Fwp%2Fv2%2Fcomments&post=636772"}],"version-history":[{"count":0,"href":"https:\/\/www.diarioimagen.net\/index.php?rest_route=\/wp\/v2\/posts\/636772\/revisions"}],"wp:featuredmedia":[{"embeddable":true,"href":"https:\/\/www.diarioimagen.net\/index.php?rest_route=\/wp\/v2\/media\/636903"}],"wp:attachment":[{"href":"https:\/\/www.diarioimagen.net\/index.php?rest_route=%2Fwp%2Fv2%2Fmedia&parent=636772"}],"wp:term":[{"taxonomy":"category","embeddable":true,"href":"https:\/\/www.diarioimagen.net\/index.php?rest_route=%2Fwp%2Fv2%2Fcategories&post=636772"},{"taxonomy":"post_tag","embeddable":true,"href":"https:\/\/www.diarioimagen.net\/index.php?rest_route=%2Fwp%2Fv2%2Ftags&post=636772"}],"curies":[{"name":"wp","href":"https:\/\/api.w.org\/{rel}","templated":true}]}}