{"id":636778,"date":"2024-10-14T00:05:13","date_gmt":"2024-10-14T06:05:13","guid":{"rendered":"https:\/\/www.diarioimagen.net\/?p=636778"},"modified":"2024-10-14T01:51:39","modified_gmt":"2024-10-14T07:51:39","slug":"tendran-servicios-urbanos-10-millones-de-habitantes-en-la-zona-oriente","status":"publish","type":"post","link":"https:\/\/www.diarioimagen.net\/?p=636778","title":{"rendered":"Tendr\u00e1n servicios urbanos 10 millones de habitantes en la zona oriente"},"content":{"rendered":"<p>&nbsp;<\/p>\n<ul>\n<li><strong><em>Reuni\u00f3n de Claudia Sheinbaum con Delfina G\u00f3mez<\/em> <\/strong><\/li>\n<\/ul>\n<p><strong>\u00a0<\/strong><\/p>\n<div id=\"attachment_636899\" style=\"width: 470px\" class=\"wp-caption aligncenter\"><a href=\"https:\/\/www.diarioimagen.net\/?attachment_id=636899\" rel=\"attachment wp-att-636899\"><img loading=\"lazy\" decoding=\"async\" aria-describedby=\"caption-attachment-636899\" class=\"size-full wp-image-636899\" src=\"https:\/\/www.diarioimagen.net\/wp-content\/uploads\/2024\/10\/tendran-servicios-urbanos.jpg\" alt=\"\" width=\"460\" height=\"270\" srcset=\"https:\/\/www.diarioimagen.net\/wp-content\/uploads\/2024\/10\/tendran-servicios-urbanos.jpg 460w, https:\/\/www.diarioimagen.net\/wp-content\/uploads\/2024\/10\/tendran-servicios-urbanos-240x141.jpg 240w\" sizes=\"auto, (max-width: 460px) 100vw, 460px\" \/><\/a><p id=\"caption-attachment-636899\" class=\"wp-caption-text\">Los gobiernos federal y de Edomex trabajar\u00e1n en conjunto con los municipios de la regi\u00f3n m\u00e1s poblada del Estado de M\u00e9xico para llevar agua, movilidad, drenaje y alumbrado, anuncio Delfina G\u00f3mez, tras reunirse con Claudia Sheinbaum, en Palacio Nacional.<\/p><\/div>\n<p>&nbsp;<\/p>\n<p><strong>Ciudad de M\u00e9xico.\u2014 <\/strong>La presidenta Claudia Sheinbaum Pardo y la gobernadora Delfina G\u00f3mez \u00c1lvarez se reunieron, por primera vez, en Palacio Nacional para analizar temas prioritarios en el Estado de M\u00e9xico; coincidieron en la necesidad de dotar de servicios urbanos b\u00e1sicos a m\u00e1s de 10 millones de habitantes de la zona oriente del Estado de M\u00e9xico.<\/p>\n<p>\u201cCoincidimos en grandes objetivos que tenemos, ella como gobierno federal y yo como gobierno estatal. Coincidimos en que hay que darle atenci\u00f3n y beneficio a todo lo que es la zona oriente, municipios que han estado olvidados en los servicios m\u00ednimos b\u00e1sicos como agua, movilidad, drenaje y alumbrado\u201d, afirm\u00f3 la gobernadora Delfina G\u00f3mez \u00c1lvarez al salir de Palacio Nacional.<\/p>\n<p>Esta semana se reunir\u00e1 con los presidentes municipales de la citada regi\u00f3n para escuchar las necesidades, revisar el presupuesto y trabajar de manera conjunta.<\/p>\n<p>\u201cSe va a hacer, como siempre la hemos hecho, un trabajo de manera coordinada con presidentes municipales. Hay que escucharlos tambi\u00e9n a ellos, sus prioridades y de ah\u00ed vamos a partir a un trabajo colaborativo entre los tres \u00f3rdenes de gobierno: municipal, estatal y federal\u201d, precis\u00f3 la Gobernadora Delfina G\u00f3mez \u00c1lvarez.<\/p>\n","protected":false},"excerpt":{"rendered":"<p>La presidenta Claudia Sheinbaum Pardo y la gobernadora Delfina G\u00f3mez \u00c1lvarez se reunieron, por primera vez, en Palacio Nacional para analizar temas prioritarios en el Estado de M\u00e9xico; coincidieron en la necesidad de dotar de servicios urbanos b\u00e1sicos a m\u00e1s de 10 millones de habitantes de la zona oriente del Estado de M\u00e9xico.<\/p>\n","protected":false},"author":3,"featured_media":636899,"comment_status":"open","ping_status":"open","sticky":false,"template":"","format":"standard","meta":{"_monsterinsights_skip_tracking":false,"_monsterinsights_sitenote_active":false,"_monsterinsights_sitenote_note":"","_monsterinsights_sitenote_category":0,"footnotes":""},"categories":[5,99730],"tags":[72207,57859,22371],"class_list":["post-636778","post","type-post","status-publish","format-standard","has-post-thumbnail","hentry","category-estado-de-mexico","category-edomex","tag-claudia-sheinbaum-pardo","tag-delfina-gomez-alvarez","tag-reunion"],"_links":{"self":[{"href":"https:\/\/www.diarioimagen.net\/index.php?rest_route=\/wp\/v2\/posts\/636778","targetHints":{"allow":["GET"]}}],"collection":[{"href":"https:\/\/www.diarioimagen.net\/index.php?rest_route=\/wp\/v2\/posts"}],"about":[{"href":"https:\/\/www.diarioimagen.net\/index.php?rest_route=\/wp\/v2\/types\/post"}],"author":[{"embeddable":true,"href":"https:\/\/www.diarioimagen.net\/index.php?rest_route=\/wp\/v2\/users\/3"}],"replies":[{"embeddable":true,"href":"https:\/\/www.diarioimagen.net\/index.php?rest_route=%2Fwp%2Fv2%2Fcomments&post=636778"}],"version-history":[{"count":0,"href":"https:\/\/www.diarioimagen.net\/index.php?rest_route=\/wp\/v2\/posts\/636778\/revisions"}],"wp:featuredmedia":[{"embeddable":true,"href":"https:\/\/www.diarioimagen.net\/index.php?rest_route=\/wp\/v2\/media\/636899"}],"wp:attachment":[{"href":"https:\/\/www.diarioimagen.net\/index.php?rest_route=%2Fwp%2Fv2%2Fmedia&parent=636778"}],"wp:term":[{"taxonomy":"category","embeddable":true,"href":"https:\/\/www.diarioimagen.net\/index.php?rest_route=%2Fwp%2Fv2%2Fcategories&post=636778"},{"taxonomy":"post_tag","embeddable":true,"href":"https:\/\/www.diarioimagen.net\/index.php?rest_route=%2Fwp%2Fv2%2Ftags&post=636778"}],"curies":[{"name":"wp","href":"https:\/\/api.w.org\/{rel}","templated":true}]}}