{"id":636811,"date":"2024-10-14T00:01:17","date_gmt":"2024-10-14T06:01:17","guid":{"rendered":"https:\/\/www.diarioimagen.net\/?p=636811"},"modified":"2024-10-14T23:10:43","modified_gmt":"2024-10-15T05:10:43","slug":"claudia-sheinbaum-da-banderazo-a-trabajos-del-tren-mexico-queretaro","status":"publish","type":"post","link":"https:\/\/www.diarioimagen.net\/?p=636811","title":{"rendered":"Claudia Sheinbaum da banderazo a trabajos del Tren M\u00e9xico-Quer\u00e9taro"},"content":{"rendered":"<p>&nbsp;<\/p>\n<h2 style=\"text-align: center;\">Proyecta que estar\u00e1 listo en tres a\u00f1os<\/h2>\n<p><strong>\u00a0<\/strong><\/p>\n<ul>\n<li><strong><em>Tendr\u00e1 225 kil\u00f3metros para beneficiar a 6 millones de personas de 22 alcald\u00edas de CDMX y municipios del Estado de M\u00e9xico, Hidalgo y Quer\u00e9taro; crear\u00e1 490 mil empleos<\/em><\/strong><\/li>\n<\/ul>\n<p><strong>\u00a0<\/strong><\/p>\n<div id=\"attachment_636876\" style=\"width: 470px\" class=\"wp-caption aligncenter\"><a href=\"https:\/\/www.diarioimagen.net\/?attachment_id=636876\" rel=\"attachment wp-att-636876\"><img loading=\"lazy\" decoding=\"async\" aria-describedby=\"caption-attachment-636876\" class=\"size-full wp-image-636876\" src=\"https:\/\/www.diarioimagen.net\/wp-content\/uploads\/2024\/10\/claudia-tren.jpg\" alt=\"\" width=\"460\" height=\"306\" srcset=\"https:\/\/www.diarioimagen.net\/wp-content\/uploads\/2024\/10\/claudia-tren.jpg 460w, https:\/\/www.diarioimagen.net\/wp-content\/uploads\/2024\/10\/claudia-tren-240x160.jpg 240w, https:\/\/www.diarioimagen.net\/wp-content\/uploads\/2024\/10\/claudia-tren-406x270.jpg 406w\" sizes=\"auto, (max-width: 460px) 100vw, 460px\" \/><\/a><p id=\"caption-attachment-636876\" class=\"wp-caption-text\">Claudia Sheinbaum Pardo encabez\u00f3 el inicio de los trabajos preliminares para la construcci\u00f3n del Tren M\u00e9xico-Quer\u00e9taro, el cual tendr\u00e1 un tiempo estimado de realizaci\u00f3n de tres a\u00f1os; partir\u00e1 de Buenavista, en la Ciudad de M\u00e9xico, hacia San Juan del R\u00edo.<\/p><\/div>\n<p>&nbsp;<\/p>\n<p><strong>Quer\u00e9taro.\u2014<\/strong> La presidenta Constitucional de los Estados Unidos Mexicanos, Claudia Sheinbaum Pardo, encabez\u00f3 el inicio de los trabajos preliminares para la construcci\u00f3n del Tren M\u00e9xico-Quer\u00e9taro, el cual tendr\u00e1 un tiempo estimado de realizaci\u00f3n de tres a\u00f1os; partir\u00e1 de Buenavista, en la Ciudad de M\u00e9xico, hacia San Juan del R\u00edo, para llegar a la capital queretana.<\/p>\n<p>\u201cHoy estamos aqu\u00ed para anunciar el tan anhelado Tren M\u00e9xico-Quer\u00e9taro, que va a pasar por San Juan del R\u00edo. \u00bfQui\u00e9n lo va a construir? El Agrupamiento de ingenieros \u2018Felipe \u00c1ngeles\u2019, que pertenece a la Secretar\u00eda de la Defensa Nacional, los ingenieros militares nos han demostrado que son de primera\u2019\u2019, asever\u00f3.<\/p>\n<p>Inform\u00f3 que desde hace dos meses, \u2013con autorizaci\u00f3n del expresidente Andr\u00e9s Manuel L\u00f3pez Obrador\u2013, dicho agrupamiento comenz\u00f3 los trabajos de planeaci\u00f3n de esta obra, ya que se encargar\u00e1 de construirla en colaboraci\u00f3n con la Secretar\u00eda de Infraestructura, Comunicaciones y Transportes (SICT), que coordinar\u00e1 el proyecto; la Secretar\u00eda de Medio Ambiente y Recursos Naturales (Semarnat) tendr\u00e1 la responsabilidad de revisar y mitigar el impacto ambiental. En tanto, el gobierno de Quer\u00e9taro ayudar\u00e1 a abrir los derechos de v\u00eda.<\/p>\n<p>\u201c\u00bfCu\u00e1ndo va a estar listo? Pues queremos \u2014lleva su tiempo\u2014 que en tres a\u00f1os est\u00e9 listo el Tren M\u00e9xico-Quer\u00e9taro. \u00bfC\u00f3mo le vamos a hacer? A partir de hoy inician ya formalmente todos los estudios; se van a hacer de aqu\u00ed al mes de abril, van ustedes a ver a ingenieros que est\u00e1n tomando medidas, helic\u00f3pteros que van a utilizar una tecnolog\u00eda especial que se llama Lidar para hacer levantamientos y a partir del mes de abril inicia ya la construcci\u00f3n, va a salir de Buenavista, pasa por San Juan del R\u00edo y va a llegar a Quer\u00e9taro\u201d, destac\u00f3.<\/p>\n<p>Detall\u00f3 que esta nueva ruta del tren de pasajeros permitir\u00e1 que exista m\u00e1s desarrollo para Quer\u00e9taro, gracias a que contar\u00e1 con dos v\u00edas hacia el norte del pa\u00eds: una a Nuevo Laredo, Tamaulipas, y la otra a Nogales, Sonora.<\/p>\n<p>\u201cPor lo pronto, el M\u00e9xico-Quer\u00e9taro-Guadalajara. Eso significa que el estado de Quer\u00e9taro, que de por s\u00ed recibe inversiones y tiene un nivel de empleo muy importante, siga desarroll\u00e1ndose.\u201d<\/p>\n<p style=\"text-align: center;\"><strong>El Ej\u00e9rcito Mexicano materializar\u00e1 esta obra<\/strong><\/p>\n<p>El comandante del Agrupamiento de Ingenieros \u2018\u2019Felipe \u00c1ngeles\u2019\u2019, Gustavo Ricardo Vallejo Su\u00e1rez, puntualiz\u00f3 que bajo el convenio marco de colaboraci\u00f3n entre la Sedena y la SICT, el Ej\u00e9rcito Mexicano materializar\u00e1 esta obra con el uso de sus recursos humanos, t\u00e9cnicos y materiales, adem\u00e1s de la contrataci\u00f3n de mano de obra civil, la renta de maquinaria y equipos, la adquisici\u00f3n de materiales de la regi\u00f3n, as\u00ed como la gesti\u00f3n de fletes.<\/p>\n<p>\u201cAl contribuir con esta importante infraestructura estrat\u00e9gica, la Secretar\u00eda de la Defensa Nacional reafirma, una vez m\u00e1s, su compromiso con el desarrollo del pa\u00eds y el bienestar de la poblaci\u00f3n\u201d, se\u00f1al\u00f3.<\/p>\n<p>Detall\u00f3 que la nueva l\u00ednea de tren contempla 225 kil\u00f3metros de longitud \u2013una reducci\u00f3n de 35 kil\u00f3metros en comparaci\u00f3n con el trazo actual de la v\u00eda de carga\u2013; alcanzar\u00e1 velocidades de hasta 160 kil\u00f3metros por hora y contar\u00e1 con tres estaciones: Buenavista, San Juan del R\u00edo y Santiago de Quer\u00e9taro, as\u00ed como 77 puentes, 12 t\u00faneles, tres viaductos, dos libramientos y dos distribuidores ferroviarios.<\/p>\n<p>El gobernador de Quer\u00e9taro, Mauricio Kuri Gonz\u00e1lez asegur\u00f3 que el Tren M\u00e9xico-Quer\u00e9taro abrir\u00e1 la puerta a oportunidades tur\u00edsticas, de comercio, inversi\u00f3n y conectividad a favor del pueblo queretano.<\/p>\n<p style=\"text-align: center;\"><strong>Recorrido de una hora 40 minutos<\/strong><\/p>\n<p>El secretario de Infraestructura, Comunicaciones y Transportes, Jes\u00fas Antonio Esteva Medina, inform\u00f3 que el Tren M\u00e9xico-Quer\u00e9taro recorrer\u00e1 la Ciudad de M\u00e9xico, el Estado de M\u00e9xico, Hidalgo y Quer\u00e9taro en una hora 40 minutos, lo que representa la reducci\u00f3n de 40 por ciento; tendr\u00e1 una flota de trenes con velocidad m\u00e1xima de 160 km\/h y capacidad para 450 pasajeros.<\/p>\n<p>Destac\u00f3 que la construcci\u00f3n de este tren generar\u00e1 490 mil empleos: 165 mil directos y 325 mil indirectos. Contar\u00e1 con paraderos en poblaciones intermedias para beneficio de seis millones de personas de 22 alcald\u00edas y municipios:<\/p>\n<p>Cuauht\u00e9moc y Azcapotzalco, en la Ciudad de M\u00e9xico; Atotonilco de Tula, Tula de Allende, Nopala de Villagr\u00e1n, Tepeji del R\u00edo de Ocampo, en Hidalgo; Cuautitl\u00e1n Izcalli, Polotitl\u00e1n, Cuautitl\u00e1n, Soyaniquilpan de Ju\u00e1rez, Tlalnepantla de Baz, Tultitl\u00e1n, Zumpango, Huehuetoca, Teoloyucan, Jilotepec y Coyotepec, en el Estado de M\u00e9xico; y Pedro Escobedo, Quer\u00e9taro, San Juan del R\u00edo, El Marqu\u00e9s y Col\u00f3n, en el estado de Quer\u00e9taro.<\/p>\n<p>Adem\u00e1s, ofrecer\u00e1 conexi\u00f3n intermodal en la terminal Buenavista, con la L\u00ednea B del Metro; las l\u00edneas 1, 3 y 4 del Metrob\u00fas, y Ecobici, y en la terminal de Quer\u00e9taro con la conexi\u00f3n del Quer\u00e9taro Bus.<\/p>\n<p>Tambi\u00e9n acompa\u00f1aron a la presidenta de M\u00e9xico durante el inicio de trabajos preliminares para la construcci\u00f3n del Tren M\u00e9xico-Quer\u00e9taro: la secretaria de Gobernaci\u00f3n, Rosa Icela Rodr\u00edguez Vel\u00e1zquez; el secretario de la Defensa Nacional, Ricardo Trevilla Trejo; el secretario de Marina, Raymundo Pedro Morales \u00c1ngeles, y la secretaria de la Funci\u00f3n P\u00fablica, Raquel Buenrostro S\u00e1nchez.<\/p>\n<p>Tambi\u00e9n el director general de Agencia Reguladora de Transporte Ferroviario (ARTF), Andr\u00e9s Lajous Loaeza, y el director general de la Comisi\u00f3n Nacional del Agua (Conagua), Efra\u00edn Morales L\u00f3pez.<\/p>\n","protected":false},"excerpt":{"rendered":"<p>La presidenta Constitucional de los Estados Unidos Mexicanos, Claudia Sheinbaum Pardo, encabez\u00f3 el inicio de los trabajos preliminares para la construcci\u00f3n del Tren M\u00e9xico-Quer\u00e9taro, el cual tendr\u00e1 un tiempo estimado de realizaci\u00f3n de tres a\u00f1os; partir\u00e1 de Buenavista, en la Ciudad de M\u00e9xico, hacia San Juan del R\u00edo, para llegar a la capital queretana.<\/p>\n","protected":false},"author":3,"featured_media":636877,"comment_status":"open","ping_status":"open","sticky":false,"template":"","format":"standard","meta":{"_monsterinsights_skip_tracking":false,"_monsterinsights_sitenote_active":false,"_monsterinsights_sitenote_note":"","_monsterinsights_sitenote_category":0,"footnotes":""},"categories":[17,3],"tags":[22588,72207,43673,34080],"class_list":["post-636811","post","type-post","status-publish","format-standard","has-post-thumbnail","hentry","category-especiales","category-nacional","tag-banderazo","tag-claudia-sheinbaum-pardo","tag-nacional","tag-tren-mexico-queretaro"],"_links":{"self":[{"href":"https:\/\/www.diarioimagen.net\/index.php?rest_route=\/wp\/v2\/posts\/636811","targetHints":{"allow":["GET"]}}],"collection":[{"href":"https:\/\/www.diarioimagen.net\/index.php?rest_route=\/wp\/v2\/posts"}],"about":[{"href":"https:\/\/www.diarioimagen.net\/index.php?rest_route=\/wp\/v2\/types\/post"}],"author":[{"embeddable":true,"href":"https:\/\/www.diarioimagen.net\/index.php?rest_route=\/wp\/v2\/users\/3"}],"replies":[{"embeddable":true,"href":"https:\/\/www.diarioimagen.net\/index.php?rest_route=%2Fwp%2Fv2%2Fcomments&post=636811"}],"version-history":[{"count":0,"href":"https:\/\/www.diarioimagen.net\/index.php?rest_route=\/wp\/v2\/posts\/636811\/revisions"}],"wp:featuredmedia":[{"embeddable":true,"href":"https:\/\/www.diarioimagen.net\/index.php?rest_route=\/wp\/v2\/media\/636877"}],"wp:attachment":[{"href":"https:\/\/www.diarioimagen.net\/index.php?rest_route=%2Fwp%2Fv2%2Fmedia&parent=636811"}],"wp:term":[{"taxonomy":"category","embeddable":true,"href":"https:\/\/www.diarioimagen.net\/index.php?rest_route=%2Fwp%2Fv2%2Fcategories&post=636811"},{"taxonomy":"post_tag","embeddable":true,"href":"https:\/\/www.diarioimagen.net\/index.php?rest_route=%2Fwp%2Fv2%2Ftags&post=636811"}],"curies":[{"name":"wp","href":"https:\/\/api.w.org\/{rel}","templated":true}]}}