{"id":636962,"date":"2024-10-15T00:07:12","date_gmt":"2024-10-15T06:07:12","guid":{"rendered":"https:\/\/www.diarioimagen.net\/?p=636962"},"modified":"2024-10-15T22:17:23","modified_gmt":"2024-10-16T04:17:23","slug":"investigadora-uaemex-analiza-la-defensa-del-territorio-de-comunidades-rurales-e-indigenas","status":"publish","type":"post","link":"https:\/\/www.diarioimagen.net\/?p=636962","title":{"rendered":"Investigadora UAEM\u00e9x analiza la defensa del territorio de comunidades rurales e ind\u00edgenas"},"content":{"rendered":"<p>&nbsp;<\/p>\n<h2 style=\"text-align: center;\">Gloria Camacho Pichardo<\/h2>\n<p>&nbsp;<\/p>\n<div id=\"attachment_637054\" style=\"width: 470px\" class=\"wp-caption aligncenter\"><a href=\"https:\/\/www.diarioimagen.net\/?attachment_id=637054\" rel=\"attachment wp-att-637054\"><img loading=\"lazy\" decoding=\"async\" aria-describedby=\"caption-attachment-637054\" class=\"size-full wp-image-637054\" src=\"https:\/\/www.diarioimagen.net\/wp-content\/uploads\/2024\/10\/uaem-investigadora-1.jpg\" alt=\"\" width=\"460\" height=\"270\" srcset=\"https:\/\/www.diarioimagen.net\/wp-content\/uploads\/2024\/10\/uaem-investigadora-1.jpg 460w, https:\/\/www.diarioimagen.net\/wp-content\/uploads\/2024\/10\/uaem-investigadora-1-240x141.jpg 240w\" sizes=\"auto, (max-width: 460px) 100vw, 460px\" \/><\/a><p id=\"caption-attachment-637054\" class=\"wp-caption-text\">Para Gloria Camacho Pichardo \u201cla importancia de una personalidad jur\u00eddica para las comunidades es que les permite ser sujetos de derechos legales, defender sus intereses y proteger sus recursos de manera efectiva\u201d.<\/p><\/div>\n<p>&nbsp;<\/p>\n<p><strong>Toluca, Estado de M\u00e9xico.<\/strong>\u2014 Con el objetivo de analizar la defensa legal de los territorios de las comunidades rurales e ind\u00edgenas, Gloria Camacho Pichardo, profesora e investigadora del Centro de Investigaci\u00f3n en Ciencias Sociales y Humanidades de la Universidad Aut\u00f3noma del Estado de M\u00e9xico (UAEMex), encabez\u00f3 un proyecto para analizar la figura del abogado, Prisciliano Mar\u00eda D\u00edaz Gonz\u00e1lez, que tuvo influencia durante la \u00e9poca de la Reforma Liberal y el cual, redact\u00f3 las Garant\u00edas Individuales en la Constituci\u00f3n de 1857.<\/p>\n<p>Esta investigaci\u00f3n forma parte del libro El municipio decimon\u00f3nico en M\u00e9xico. Formaci\u00f3n institucional, procesos pol\u00edticos y pr\u00e1cticas Sociales, publicado por El Colegio Mexiquense y que resalta la figura de D\u00edaz Gonz\u00e1lez como un actor fundamental en la construcci\u00f3n de una personalidad jur\u00eddica relevante en el contexto de los municipios de la entidad mexiquense durante el siglo XIX.<\/p>\n<p>\u201cCon este estudio se busc\u00f3 comprender c\u00f3mo las comunidades ind\u00edgenas y rurales defendieron sus derechos territoriales y la representaci\u00f3n colectiva en un momento crucial de transformaciones pol\u00edticas y sociales en M\u00e9xico\u201d, explic\u00f3, Camacho Pichardo.<\/p>\n<p>La tambi\u00e9n integrante del Cuerpo Acad\u00e9mico \u201cEl Poder en M\u00e9xico. Ayer y hoy\u201d detall\u00f3 que su trabajo expone c\u00f3mo estas comunidades recuperaron sus derechos territoriales en el contexto del proceso de desamortizaci\u00f3n (la venta de tierras que promov\u00eda la privatizaci\u00f3n, que afect\u00f3 a las comunidades ind\u00edgenas que las utilizaban y pose\u00edan tradicionalmente), destacando el papel de Prisciliano Mar\u00eda D\u00edaz Gonz\u00e1lez, abogado liberal mexiquense que defendi\u00f3 los derechos de propiedad de las comunidades en numerosos litigios. Su trabajo como abogado ayud\u00f3 a comunidades a retener sus tierras y recursos frente a los intentos de desamortizaci\u00f3n en territorio mexiquense.<\/p>\n<p>La personalidad jur\u00eddica es el reconocimiento legal de una entidad o individuo para ser titular de derechos y obligaciones, pudiendo actuar en el \u00e1mbito jur\u00eddico como sujeto de derecho. Para la profesora Camacho Pichardo, la construcci\u00f3n de una personalidad jur\u00eddica para estas comunidades implic\u00f3 no s\u00f3lo el reconocimiento formal de sus derechos legales, sino tambi\u00e9n la capacidad de influir en la protecci\u00f3n de sus recursos naturales y propiedades.<\/p>\n<p>\u201cLa noci\u00f3n de personalidad jur\u00eddica se vincula estrechamente con el reconocimiento legal de las comunidades como entidades con capacidad para actuar en el \u00e1mbito jur\u00eddico, permiti\u00e9ndoles defender sus recursos naturales y propiedades ante disputas legales y procesos judiciales\u201d, coment\u00f3.<\/p>\n<p>Finalmente, la profesora exhort\u00f3 a las pr\u00f3ximas historiadoras a generar nuevo conocimiento y apasionarse por descubrir y explorar nuevas \u00e1reas.<\/p>\n<p>\u201cAportar conocimiento es fundamental para el avance de nuestro pa\u00eds y el de cualquier disciplina. Hay que ser curiosos y cuestionar lo establecido, es a trav\u00e9s de la investigaci\u00f3n y el estudio que podemos contribuir al desarrollo de nuestra sociedad\u201d, concluy\u00f3.<\/p>\n","protected":false},"excerpt":{"rendered":"<p>Con el objetivo de analizar la defensa legal de los territorios de las comunidades rurales e ind\u00edgenas, Gloria Camacho Pichardo, profesora e investigadora del Centro de Investigaci\u00f3n en Ciencias Sociales y Humanidades de la Universidad Aut\u00f3noma del Estado de M\u00e9xico (UAEMex), encabez\u00f3 un proyecto para analizar la figura del abogado, Prisciliano Mar\u00eda D\u00edaz Gonz\u00e1lez, que tuvo influencia durante la \u00e9poca de la Reforma Liberal y el cual, redact\u00f3 las Garant\u00edas Individuales en la Constituci\u00f3n de 1857.<\/p>\n","protected":false},"author":3,"featured_media":637054,"comment_status":"open","ping_status":"open","sticky":false,"template":"","format":"standard","meta":{"_monsterinsights_skip_tracking":false,"_monsterinsights_sitenote_active":false,"_monsterinsights_sitenote_note":"","_monsterinsights_sitenote_category":0,"footnotes":""},"categories":[5],"tags":[82433,8809,67878],"class_list":["post-636962","post","type-post","status-publish","format-standard","has-post-thumbnail","hentry","category-estado-de-mexico","tag-defensa","tag-indigenas","tag-uaemex"],"_links":{"self":[{"href":"https:\/\/www.diarioimagen.net\/index.php?rest_route=\/wp\/v2\/posts\/636962","targetHints":{"allow":["GET"]}}],"collection":[{"href":"https:\/\/www.diarioimagen.net\/index.php?rest_route=\/wp\/v2\/posts"}],"about":[{"href":"https:\/\/www.diarioimagen.net\/index.php?rest_route=\/wp\/v2\/types\/post"}],"author":[{"embeddable":true,"href":"https:\/\/www.diarioimagen.net\/index.php?rest_route=\/wp\/v2\/users\/3"}],"replies":[{"embeddable":true,"href":"https:\/\/www.diarioimagen.net\/index.php?rest_route=%2Fwp%2Fv2%2Fcomments&post=636962"}],"version-history":[{"count":0,"href":"https:\/\/www.diarioimagen.net\/index.php?rest_route=\/wp\/v2\/posts\/636962\/revisions"}],"wp:featuredmedia":[{"embeddable":true,"href":"https:\/\/www.diarioimagen.net\/index.php?rest_route=\/wp\/v2\/media\/637054"}],"wp:attachment":[{"href":"https:\/\/www.diarioimagen.net\/index.php?rest_route=%2Fwp%2Fv2%2Fmedia&parent=636962"}],"wp:term":[{"taxonomy":"category","embeddable":true,"href":"https:\/\/www.diarioimagen.net\/index.php?rest_route=%2Fwp%2Fv2%2Fcategories&post=636962"},{"taxonomy":"post_tag","embeddable":true,"href":"https:\/\/www.diarioimagen.net\/index.php?rest_route=%2Fwp%2Fv2%2Ftags&post=636962"}],"curies":[{"name":"wp","href":"https:\/\/api.w.org\/{rel}","templated":true}]}}