{"id":636964,"date":"2024-10-15T00:08:27","date_gmt":"2024-10-15T06:08:27","guid":{"rendered":"https:\/\/www.diarioimagen.net\/?p=636964"},"modified":"2024-10-15T22:17:31","modified_gmt":"2024-10-16T04:17:31","slug":"uaemex-reconoce-trayectoria-de-jose-luis-herrera-arciniega-periodista-escritor-e-impulsor-de-la-literatura-en-el-estado-de-mexico","status":"publish","type":"post","link":"https:\/\/www.diarioimagen.net\/?p=636964","title":{"rendered":"UAEM\u00e9x reconoce trayectoria de Jos\u00e9 Luis Herrera Arciniega, periodista, escritor e impulsor de la literatura\u00a0en el Estado de M\u00e9xico"},"content":{"rendered":"<p>&nbsp;<\/p>\n<div id=\"attachment_637056\" style=\"width: 470px\" class=\"wp-caption aligncenter\"><a href=\"https:\/\/www.diarioimagen.net\/?attachment_id=637056\" rel=\"attachment wp-att-637056\"><img loading=\"lazy\" decoding=\"async\" aria-describedby=\"caption-attachment-637056\" class=\"size-full wp-image-637056\" src=\"https:\/\/www.diarioimagen.net\/wp-content\/uploads\/2024\/10\/uaem-reconoce-trayectoria.jpg\" alt=\"\" width=\"460\" height=\"270\" srcset=\"https:\/\/www.diarioimagen.net\/wp-content\/uploads\/2024\/10\/uaem-reconoce-trayectoria.jpg 460w, https:\/\/www.diarioimagen.net\/wp-content\/uploads\/2024\/10\/uaem-reconoce-trayectoria-240x141.jpg 240w\" sizes=\"auto, (max-width: 460px) 100vw, 460px\" \/><\/a><p id=\"caption-attachment-637056\" class=\"wp-caption-text\">La secretaria de Difusi\u00f3n Cultural, as\u00ed como sus colegas y compa\u00f1eros universitarios, Davide Eugenio Daturi y David de la Torre Cruz, destacaron la labor del homenajeado en el campo de la comunicaci\u00f3n social y el periodismo, as\u00ed como por su invaluable aportaci\u00f3n a la literatura nacional.<\/p><\/div>\n<p>&nbsp;<\/p>\n<p><strong>Toluca, Estado de M\u00e9xico.<\/strong>\u2014 Tras mencionar que el talento literario mexiquense enriquece la diversidad cultural del pa\u00eds, en representaci\u00f3n del rector de la Universidad Aut\u00f3noma del Estado de M\u00e9xico (UAEM\u00e9x), Carlos Eduardo Barrera D\u00edaz, la secretaria de Difusi\u00f3n Cultural, Mar\u00eda de las Mercedes Portilla Luja, encabez\u00f3 el homenaje al periodista y escritor, Jos\u00e9 Luis Herrera Arciniega, en el marco de la d\u00e9cima edici\u00f3n de la Feria Internacional del Libro Estado de M\u00e9xico (FILEM) 2024.<\/p>\n<p>Ante sus colegas y compa\u00f1eros universitarios, Davide Eugenio Daturi y David de la Torre Cruz; Portilla Luja destac\u00f3 la labor del homenajeado en el campo de la comunicaci\u00f3n social y el periodismo, as\u00ed como por su invaluable aportaci\u00f3n a la literatura nacional; entre sus aportaciones, dijo, destaca su colaboraci\u00f3n en el impulso a la revista universitaria \u201cColmena\u201d, hace treinta a\u00f1os.<\/p>\n<p>\u201cSu obra escrita, a trav\u00e9s del relato, la cr\u00f3nica, el ensayo y la reflexi\u00f3n, lo convierten en el literato que se desplaza entre el mundo f\u00edsico y el espiritual, el que sabe conectar entre lo particular y lo general, entre la sencillez y la elegancia\u201d, puntualiz\u00f3.<\/p>\n<p>A su vez, Eugenio Daturi y de la Torre Cruz, al abordar el trabajo del doctor en Estudios LIterarios, coincidieron en describirlo como ejemplo de un hombre libre, gran conversador, de fuerza verbal y con una enorme amor por la literatura italiana, pero sobre todo, una persona comprometida con el Estado de M\u00e9xico.<\/p>\n<p>En su oportunidad, dentro del Foro FILEM, Herrera Arciniega comparti\u00f3 su v\u00ednculo con la M\u00e1xima Casa de Estudios Mexiquense por m\u00e1s de 44 a\u00f1os como estudiante, trabajador y docente; adem\u00e1s, agradeci\u00f3 a las autoridades universitarias por atender sus inquietudes en el campo de la literatura en la vertiente de la creaci\u00f3n y del estudio acad\u00e9mico.<\/p>\n<p>\u201cIntento escribir con los debidos rigor y honestidad intelectuales, he perseverado en la escritura porque antes que otra cosa, fui lector, sigo siendo lector y porque tanto la lectura como la escritura han sido un medio necesario para entender el mundo, o para entender al menos mi propio mundo\u201d, mencion\u00f3.<\/p>\n<p>En el homenaje tambi\u00e9n estuvieron presentes, la directora General de Comunicaci\u00f3n Universitaria, Ginarely Valencia Alc\u00e1ntara, la directora de la Facultad de Humanidades, Beatriz Adriana Gonz\u00e1lez Dur\u00e1n y el director de Publicaciones Universitarias, Jorge Eduardo Robles \u00c1lvarez.<\/p>\n<p>Cabe hacer menci\u00f3n que la Feria Internacional del Libro Estado de M\u00e9xico (FILEM) 2024, en su d\u00e9cima edici\u00f3n, cont\u00f3 con una afluencia de m\u00e1s de 71 mil asistentes que disfrutaron de 340 actividades en 9 foros como conferencias, presentaciones de libros, proyecciones, talleres y encuentros con autores, adem\u00e1s de presentar a 200 sellos editoriales y el servicio gratuito disponible para todo el p\u00fablico \u201cFILEMb\u00fas\u201d.<\/p>\n","protected":false},"excerpt":{"rendered":"<p>Tras mencionar que el talento literario mexiquense enriquece la diversidad cultural del pa\u00eds, en representaci\u00f3n del rector de la Universidad Aut\u00f3noma del Estado de M\u00e9xico (UAEM\u00e9x), Carlos Eduardo Barrera D\u00edaz, la secretaria de Difusi\u00f3n Cultural, Mar\u00eda de las Mercedes Portilla Luja, encabez\u00f3 el homenaje al periodista y escritor, Jos\u00e9 Luis Herrera Arciniega, en el marco de la d\u00e9cima edici\u00f3n de la Feria Internacional del Libro Estado de M\u00e9xico (FILEM) 2024.<\/p>\n","protected":false},"author":3,"featured_media":637056,"comment_status":"open","ping_status":"open","sticky":false,"template":"","format":"standard","meta":{"_monsterinsights_skip_tracking":false,"_monsterinsights_sitenote_active":false,"_monsterinsights_sitenote_note":"","_monsterinsights_sitenote_category":0,"footnotes":""},"categories":[5],"tags":[101018,82670,11870],"class_list":["post-636964","post","type-post","status-publish","format-standard","has-post-thumbnail","hentry","category-estado-de-mexico","tag-filembus","tag-literatura","tag-periodista"],"_links":{"self":[{"href":"https:\/\/www.diarioimagen.net\/index.php?rest_route=\/wp\/v2\/posts\/636964","targetHints":{"allow":["GET"]}}],"collection":[{"href":"https:\/\/www.diarioimagen.net\/index.php?rest_route=\/wp\/v2\/posts"}],"about":[{"href":"https:\/\/www.diarioimagen.net\/index.php?rest_route=\/wp\/v2\/types\/post"}],"author":[{"embeddable":true,"href":"https:\/\/www.diarioimagen.net\/index.php?rest_route=\/wp\/v2\/users\/3"}],"replies":[{"embeddable":true,"href":"https:\/\/www.diarioimagen.net\/index.php?rest_route=%2Fwp%2Fv2%2Fcomments&post=636964"}],"version-history":[{"count":0,"href":"https:\/\/www.diarioimagen.net\/index.php?rest_route=\/wp\/v2\/posts\/636964\/revisions"}],"wp:featuredmedia":[{"embeddable":true,"href":"https:\/\/www.diarioimagen.net\/index.php?rest_route=\/wp\/v2\/media\/637056"}],"wp:attachment":[{"href":"https:\/\/www.diarioimagen.net\/index.php?rest_route=%2Fwp%2Fv2%2Fmedia&parent=636964"}],"wp:term":[{"taxonomy":"category","embeddable":true,"href":"https:\/\/www.diarioimagen.net\/index.php?rest_route=%2Fwp%2Fv2%2Fcategories&post=636964"},{"taxonomy":"post_tag","embeddable":true,"href":"https:\/\/www.diarioimagen.net\/index.php?rest_route=%2Fwp%2Fv2%2Ftags&post=636964"}],"curies":[{"name":"wp","href":"https:\/\/api.w.org\/{rel}","templated":true}]}}